{"id":161863,"date":"2021-02-03T14:45:01","date_gmt":"2021-02-03T13:45:01","guid":{"rendered":"https:\/\/zjarr.tv\/?p=161863"},"modified":"2021-02-03T14:45:01","modified_gmt":"2021-02-03T13:45:01","slug":"erion-veliaj-partia-demokratike-nuk-ka-moral-nuk-mund-te-vihet-ne-dyshim-puna-e-bere-nga-edi-rama-dhe-ps-ne-keto-8-vite","status":"publish","type":"post","link":"https:\/\/zjarr.tv\/en\/erion-veliaj-partia-demokratike-nuk-ka-moral-nuk-mund-te-vihet-ne-dyshim-puna-e-bere-nga-edi-rama-dhe-ps-ne-keto-8-vite\/","title":{"rendered":"Erion Veliaj: Partia Demokratike nuk ka moral\/ Nuk mund t\u00eb vihet n\u00eb dyshim puna e b\u00ebr\u00eb nga Edi Rama dhe PS n\u00eb k\u00ebto 8 vite\u2026"},"content":{"rendered":"<p>Erion Veliaj, ishte sot n\u00eb Nj\u00ebsin\u00eb 3, ku zhvilloi edhe nj\u00eb takim me ish-ushtarak\u00eb, ku theksoi se; Partia Socialiste, do t\u00eb vijoj\u00eb pun\u00ebn p\u00ebr rind\u00ebrtimin dhe vaksinimin e qytetar\u00ebve, si dy nga sfidat m\u00eb t\u00eb m\u00ebdha, me t\u00eb cilat \u00ebsht\u00eb p\u00ebrballur vendi. Sipas Veliajt edhe pse k\u00ebto dy tema jan\u00eb jetike p\u00ebr \u00e7do shqiptar, as PD dhe as LSI, nuk i kan\u00eb parashikuar n\u00eb programet e tyre, duke l\u00ebn\u00eb t\u00eb n\u00ebnkuptohet se do t\u00eb humbin n\u00eb 25 prill.<\/p>\n<p>Nd\u00ebr t\u00eb tjera, Veliaj tha se; forca e Partis\u00eb Socialiste \u00ebsht\u00eb mbi t\u00eb gjitha fuqia morale, nd\u00ebrsa PD e ka humbur moralin q\u00eb kur Lulzim Basha, e p\u00ebrdori partin\u00eb dhe kauzat e saj p\u00ebr zyra, makina e vila personale.<\/p>\n<p>\u201cSot ata nuk kan\u00eb as forc\u00ebn numerike dhe as at\u00eb morale. Si mund t\u00eb kesh forc\u00eb morale kur proteston p\u00ebr autostrad\u00ebn dhe sapo kape zyrat, e l\u00eb protest\u00ebn?! Si ka mund\u00ebsi, e bllokoi 3 vjet \u201cAstirin\u201d, sa mori makin\u00ebn, e la. Ti nuk ke moral kur n\u00eb vitin e pandemis\u00eb the do ju sulem qendrave tregtare, por sa kape vilat, e le\u201d, u shpreh Veliaj.<\/p>\n<p>Ai tha se; \u00ebsht\u00eb absurde t\u00eb vihet n\u00eb diskutim puna q\u00eb ka b\u00ebr\u00eb Partia Socialiste dhe Edi Rama n\u00eb k\u00ebto 8 vite, kur pala tjet\u00ebr servir rikthimin e tret\u00eb t\u00eb Sali Berish\u00ebs.<\/p>","protected":false},"excerpt":{"rendered":"<p>Erion Veliaj, ishte sot n\u00eb Nj\u00ebsin\u00eb 3, ku zhvilloi edhe nj\u00eb takim me ish-ushtarak\u00eb, ku theksoi se; Partia Socialiste, do t\u00eb vijoj\u00eb pun\u00ebn p\u00ebr rind\u00ebrtimin dhe vaksinimin e qytetar\u00ebve, si dy nga sfidat m\u00eb t\u00eb m\u00ebdha, me t\u00eb cilat \u00ebsht\u00eb p\u00ebrballur vendi. Sipas Veliajt edhe pse k\u00ebto dy tema jan\u00eb jetike p\u00ebr \u00e7do shqiptar, as [&hellip;]<\/p>\n","protected":false},"author":2016,"featured_media":161865,"comment_status":"closed","ping_status":"closed","sticky":false,"template":"","format":"standard","meta":{"footnotes":""},"categories":[241],"tags":[1176],"class_list":{"0":"post-161863","1":"post","2":"type-post","3":"status-publish","4":"format-standard","5":"has-post-thumbnail","7":"category-aktualitet","8":"tag-lajme-zjarr-veliaj-pd-nuk-ka-moral-zjarr-tv"},"_links":{"self":[{"href":"https:\/\/zjarr.tv\/en\/wp-json\/wp\/v2\/posts\/161863","targetHints":{"allow":["GET"]}}],"collection":[{"href":"https:\/\/zjarr.tv\/en\/wp-json\/wp\/v2\/posts"}],"about":[{"href":"https:\/\/zjarr.tv\/en\/wp-json\/wp\/v2\/types\/post"}],"author":[{"embeddable":true,"href":"https:\/\/zjarr.tv\/en\/wp-json\/wp\/v2\/users\/2016"}],"replies":[{"embeddable":true,"href":"https:\/\/zjarr.tv\/en\/wp-json\/wp\/v2\/comments?post=161863"}],"version-history":[{"count":0,"href":"https:\/\/zjarr.tv\/en\/wp-json\/wp\/v2\/posts\/161863\/revisions"}],"wp:featuredmedia":[{"embeddable":true,"href":"https:\/\/zjarr.tv\/en\/wp-json\/wp\/v2\/media\/161865"}],"wp:attachment":[{"href":"https:\/\/zjarr.tv\/en\/wp-json\/wp\/v2\/media?parent=161863"}],"wp:term":[{"taxonomy":"category","embeddable":true,"href":"https:\/\/zjarr.tv\/en\/wp-json\/wp\/v2\/categories?post=161863"},{"taxonomy":"post_tag","embeddable":true,"href":"https:\/\/zjarr.tv\/en\/wp-json\/wp\/v2\/tags?post=161863"}],"curies":[{"name":"wp","href":"https:\/\/api.w.org\/{rel}","templated":true}]}}