{"id":162013,"date":"2021-02-04T14:43:08","date_gmt":"2021-02-04T13:43:08","guid":{"rendered":"https:\/\/zjarr.tv\/?p=162013"},"modified":"2021-02-04T14:46:31","modified_gmt":"2021-02-04T13:46:31","slug":"ylli-dylgjeri-te-pakten-heshtni-sepse-situata-kriminale-ne-vend-eshte-ne-kuotat-me-te-larta","status":"publish","type":"post","link":"https:\/\/zjarr.tv\/en\/ylli-dylgjeri-te-pakten-heshtni-sepse-situata-kriminale-ne-vend-eshte-ne-kuotat-me-te-larta\/","title":{"rendered":"Ylli Dylgjeri: T\u00eb pakt\u00ebn heshtni sepse situata kriminale n\u00eb vend  \u00ebsht\u00eb n\u00eb kuotat m\u00eb t\u00eb larta&#8230;"},"content":{"rendered":"<p>Ylli Dylgjeri, n\u00ebp\u00ebrmjet nj\u00eb statusi n\u00eb llogarin\u00eb e tij n\u00eb Facebook, ka shprehur indinjat\u00ebn e tij, lidhur me ngjarjet t\u00eb shumta n\u00eb num\u00ebr, q\u00eb po ndodhin n\u00eb vendin ton\u00eb. Dylgjeri thekson se; t\u00eb pakt\u00ebn duhet t\u00eb heshtni, jo t\u00eb ngrini z\u00ebrin, sepse asgj\u00eb nuk keni b\u00ebr\u00eb ve\u00e7 keni kriminalizuar vendin.<\/p>\n<p>Gjithashtu, Dylgjeri p\u00ebrmend forcat e rendit, q\u00eb sipas tyre jan\u00eb n\u00eb nivelet m\u00eb t\u00eb larta, ku u b\u00ebn thirrje q\u00eb t\u00eb heshtin, sepse edhe tenderat fitohet nga t\u00eb fort\u00ebt q\u00eb jan\u00eb n\u00eb pushtet.<\/p>\n<p>Nd\u00ebr t\u00eb tjera Dylgjeri shkruan se; heshtni sepse pasurive minerale t\u00eb rrethit t\u00eb Dibres, askush nuk po ua sheh hajrin. Heshtni p\u00ebr faktin se keni asgj\u00ebsuar shtetin dhe institucionet, e t\u00eb drejt\u00ebs n\u00ebp\u00ebrmjet korrupsionit. Sipas Dylgjerit, jo duhet t\u00eb heshtni, por ju duhet t\u00eb qepni goj\u00ebn, shprehet Dylgjeri.<\/p>\n<p><strong>Postimi i pot\u00eb:<\/strong><\/p>\n<p>Pas emisionit &#8220;Real Story&#8221;<\/p>\n<p><em>Ulsi! M\u00eb e pakta hesht.<\/em><\/p>\n<p><em>Pse? <\/em><\/p>\n<p><em>Sepse vjen nga nj\u00eb krahin\u00eb si Dibra me tradita t\u00eb shk\u00eblqyera patriotike e q\u00eb p\u00ebr her\u00eb t\u00eb par\u00eb gjat\u00eb drejtimit Tuaj t\u00eb majt\u00eb, kriminalizuat zgjedhjet deri <\/em><\/p>\n<p><em>n\u00eb krijimin e nj\u00eb dosje e cila ende turp\u00ebron vendin, Dibr\u00ebn, dhe Ty. <\/em><\/p>\n<p><em>T\u00eb pakt\u00ebn hesht se Prokuroria p\u00ebr zgjedhjet u shpreh: Zgjedhjet n\u00eb Dib\u00ebr u blen\u00eb, por u dogj\u00ebn afatet!<\/em><\/p>\n<p><em>T\u00eb pakt\u00ebn hesht sepse situata kriminale n\u00eb vend <\/em><\/p>\n<p><em>\u00ebsht\u00eb n\u00eb kuotat m\u00eb t\u00eb larta&#8230;<\/em><\/p>\n<p><em>T\u00eb pakt\u00ebn hesht se besimi dhe perceptimi i opinionit publik p\u00ebr forcat e rendit \u00ebsht\u00eb n\u00eb nivele t\u00eb pad\u00ebgjuara.<\/em><\/p>\n<p><em>T\u00eb pakt\u00ebn hesht se element\u00ebt kriminal b\u00ebjn\u00eb ligjin n\u00eb Dib\u00ebr, duke em\u00ebruar kuadrin deri n\u00eb nivele t\u00eb larta <\/em><\/p>\n<p><em>dhe n\u00eb institucionet europiane.<\/em><\/p>\n<p><em>T\u00eb pakt\u00ebn hesht se buxheti i Dibr\u00ebs ndahet nga t\u00eb fort\u00ebt, &#8220;tenderohet&#8221; prej tyre dhe fitohet nga ato.<\/em><\/p>\n<p><em>T\u00eb pakt\u00ebn hesht se pasurive minerale t\u00eb rrethit t\u00eb Dibres nuk po ja sheh k\u00ebrkund hajrin qytetari dibran.<\/em><\/p>\n<p><em>T\u00eb pakt\u00ebn hesht se keni asgj\u00ebsuar shtetin dhe institucionet e t\u00eb drejt\u00ebs p\u00ebrmes korrupsionit dhe nepotizmit n\u00eb administrat\u00ebn q\u00ebndrore dhe lokale.<\/em><\/p>\n<p><em>T\u00eb pakt\u00ebn hesht se Instituti Nd\u00ebrkomb\u00ebtar p\u00ebr Lindjen e Mesme dhe Studimet e Ballkanit (IFIMES) me q\u00ebnd\u00ebr n\u00eb Slloveni q\u00eb rregullisht analizon zhvillimet n\u00eb Lindjen e Mesme dhe Ballkan n\u00eb nj\u00eb analiz\u00eb t\u00eb titulluar \u201c2020 Albania, thot\u00eb: Edi Rama e \u00e7on Shqip\u00ebrin\u00eb m\u00eb af\u00ebr Amerik\u00ebs Latine jo BE \u201d.<\/em><\/p>\n<p><em>T\u00eb pakt\u00ebn hesht se Ministria e Financave i ka nxjerr\u00eb shifrat; borxhi publik i kap\u00ebrcen 9 mld euro, rritje krahasuar me nj\u00eb vit m\u00eb par\u00eb.<\/em><\/p>\n<p><em>T\u00eb pakt\u00ebn hesht se vegjelia po e le \u00e7do dit\u00eb k\u00ebt\u00eb vend.<\/em><\/p>\n<p><em>Hesht Ulsi, p\u00ebr t&#8217;mos t\u00eb th\u00ebn\u00eb: qepe!\u00a0<\/em>k\u00ebshtu ka shkruar Ylli Dylgjeri.<\/p>","protected":false},"excerpt":{"rendered":"<p>Ylli Dylgjeri, n\u00ebp\u00ebrmjet nj\u00eb statusi n\u00eb llogarin\u00eb e tij n\u00eb Facebook, ka shprehur indinjat\u00ebn e tij, lidhur me ngjarjet t\u00eb shumta n\u00eb num\u00ebr, q\u00eb po ndodhin n\u00eb vendin ton\u00eb. Dylgjeri thekson se; t\u00eb pakt\u00ebn duhet t\u00eb heshtni, jo t\u00eb ngrini z\u00ebrin, sepse asgj\u00eb nuk keni b\u00ebr\u00eb ve\u00e7 keni kriminalizuar vendin. Gjithashtu, Dylgjeri p\u00ebrmend forcat e [&hellip;]<\/p>\n","protected":false},"author":2016,"featured_media":162033,"comment_status":"closed","ping_status":"closed","sticky":false,"template":"","format":"standard","meta":{"footnotes":""},"categories":[241],"tags":[1187],"class_list":{"0":"post-162013","1":"post","2":"type-post","3":"status-publish","4":"format-standard","5":"has-post-thumbnail","7":"category-aktualitet","8":"tag-lajme-zjarr-dylgjeri-flet-per-situaten-ne-vend-zjarr-tv"},"_links":{"self":[{"href":"https:\/\/zjarr.tv\/en\/wp-json\/wp\/v2\/posts\/162013","targetHints":{"allow":["GET"]}}],"collection":[{"href":"https:\/\/zjarr.tv\/en\/wp-json\/wp\/v2\/posts"}],"about":[{"href":"https:\/\/zjarr.tv\/en\/wp-json\/wp\/v2\/types\/post"}],"author":[{"embeddable":true,"href":"https:\/\/zjarr.tv\/en\/wp-json\/wp\/v2\/users\/2016"}],"replies":[{"embeddable":true,"href":"https:\/\/zjarr.tv\/en\/wp-json\/wp\/v2\/comments?post=162013"}],"version-history":[{"count":0,"href":"https:\/\/zjarr.tv\/en\/wp-json\/wp\/v2\/posts\/162013\/revisions"}],"wp:featuredmedia":[{"embeddable":true,"href":"https:\/\/zjarr.tv\/en\/wp-json\/wp\/v2\/media\/162033"}],"wp:attachment":[{"href":"https:\/\/zjarr.tv\/en\/wp-json\/wp\/v2\/media?parent=162013"}],"wp:term":[{"taxonomy":"category","embeddable":true,"href":"https:\/\/zjarr.tv\/en\/wp-json\/wp\/v2\/categories?post=162013"},{"taxonomy":"post_tag","embeddable":true,"href":"https:\/\/zjarr.tv\/en\/wp-json\/wp\/v2\/tags?post=162013"}],"curies":[{"name":"wp","href":"https:\/\/api.w.org\/{rel}","templated":true}]}}