{"id":162547,"date":"2021-02-05T14:43:42","date_gmt":"2021-02-05T13:43:42","guid":{"rendered":"https:\/\/zjarr.tv\/?p=162547"},"modified":"2021-02-05T14:43:42","modified_gmt":"2021-02-05T13:43:42","slug":"artan-hoxha-zbulon-dosjen-me-te-forte-se-ndragheta-spak-ka-ne-dore-dicka-qe-do-te-trondise-politiken-tone","status":"publish","type":"post","link":"https:\/\/zjarr.tv\/en\/artan-hoxha-zbulon-dosjen-me-te-forte-se-ndragheta-spak-ka-ne-dore-dicka-qe-do-te-trondise-politiken-tone\/","title":{"rendered":"Artan Hoxha zbulon dosjen m\u00eb t\u00eb fort\u00eb se \u201cNdragheta\u201d: SPAK ka n\u00eb dor\u00eb di\u00e7ka q\u00eb do t\u00eb trondis\u00eb politik\u00ebn ton\u00eb\u2026"},"content":{"rendered":"<p>Gazetari Artan Hoxha, dit\u00ebn e sotme ka zbuluar p\u00ebr publikun, detaje nga p\u00ebrgjimet dhe se SPAK, ka n\u00eb dor\u00eb nj\u00eb dosje mjaft intensive me t\u00eb dh\u00ebna, m\u00eb shum\u00eb se k\u00ebto p\u00ebrgjime.<\/p>\n<p><em>\u201cMe ndryshimet q\u00eb jan\u00eb b\u00ebr\u00eb \u00ebsht\u00eb e p\u00ebrcaktuar qart\u00eb m\u00ebnyra si sillet organi i hetimit. \u00c7\u00ebshtja \u00ebsht\u00eb hapur. E mor\u00ebm vesh q\u00eb edhe kjo gj\u00eb ka ndodhur. Po ndiqen t\u00eb gjitha hapat. Sa k\u00ebllqe do t\u00eb ken\u00eb prokuror\u00ebt k\u00ebt\u00eb do ta shohim.<\/em><\/p>\n<p><em>P\u00ebr mua \u00ebsht\u00eb shum\u00eb mir\u00eb q\u00eb prokurori ndoqi k\u00ebt\u00eb rrug\u00ebn q\u00eb shkoi n\u00eb Rom\u00eb. Ndryshe me at\u00eb t\u00eb Tahirit ku prokuror\u00ebt u mor\u00ebn vet\u00ebm me ato q\u00eb dol\u00ebn n\u00eb media. N\u00eb k\u00ebt\u00eb rast \u00ebsht\u00eb ndjekur rrug\u00eb tjet\u00ebr. \u00cbsht\u00eb shkuar dhe k\u00ebrkuar materiali baz\u00eb. \u00cbsht\u00eb interesant t\u00eb them, SPAK-u jon\u00eb n\u00eb dosjet q\u00eb ka n\u00eb hetim ka t\u00eb dh\u00ebna shum\u00eb her\u00eb m\u00eb t\u00eb r\u00ebnd\u00ebsishme nga k\u00ebto q\u00eb dalin nga p\u00ebrgjimet. Ata flasin p\u00ebr persona t\u00eb tret\u00eb dhe ne kemi politikan\u00ebt tan\u00eb k\u00ebtu q\u00eb than\u00eb jan\u00eb indicie, prokuror\u00ebt do mundohet t\u00eb krijojn\u00eb prova.<\/em><\/p>\n<p><em>Brenda n\u00eb dosje, prokuror\u00ebt do t\u00eb gjejn\u00eb materiale shum\u00eb m\u00eb sensitive se k\u00ebto t\u00eb p\u00ebrgjimeve, aty do t\u00eb gjejn\u00eb funksionar\u00eb me personazhe dhe funksionar t\u00eb r\u00ebnd\u00ebsish\u00ebm shtet\u00ebror, n\u00eb nj\u00eb dosje tjet\u00ebr prokuror\u00ebt kan\u00eb t\u00eb dh\u00ebna, telefonata, q\u00eb jan\u00eb shum\u00eb m\u00eb t\u00eb forta se k\u00ebto t\u00eb Ndraghet\u00ebs. Ose nuk jan\u00eb hetuar nuk e di, pro di q\u00eb ai material ndodhet n\u00eb dor\u00eb t\u00eb SPAK-ut. Kan\u00eb p\u00ebr t\u00eb dal\u00eb t\u00eb dh\u00ebna shum\u00eb m\u00eb interesante se p\u00ebrgjimet e Ndraghet\u00ebs. Ne k\u00ebtu e kemi pasur Ndraghet\u00ebn shum\u00eb her\u00ebt.<\/em><\/p>\n<p><em>Kjo zhurma q\u00eb ne k\u00ebrkonim nuk u b\u00eb n\u00eb tre dit\u00ebt e para. Ata kan\u00eb hapur procedimin, kan\u00eb par\u00eb t\u00eb dh\u00ebnat, kan\u00eb shkuar n\u00eb Itali dhe n\u00eb dat\u00ebn 4 publikuan deklarat\u00ebn q\u00eb \u00e7\u00ebshtja ka filluar. Do t\u00eb shikojm\u00eb se cil\u00ebt nga personazhet jan\u00eb t\u00eb v\u00ebrtet\u00eb t\u00eb p\u00ebrfshir\u00eb. Jan\u00eb element\u00eb q\u00eb duhen par\u00eb nj\u00eb nga nj\u00eb.<\/em><\/p>\n<p><em>Nj\u00eb nga dosjet q\u00eb ka SPAK ka t\u00eb dh\u00ebna mjaft t\u00eb r\u00ebnd\u00ebsishme p\u00ebr p\u00ebrfshirje t\u00eb funksionar\u00ebve t\u00eb lart\u00eb shtet\u00ebror\u00eb\u201d,<\/em>\u00a0\u2013 ka th\u00ebn\u00eb gazetari Hoxha.<\/p>\n<p>&nbsp;<\/p>","protected":false},"excerpt":{"rendered":"<p>Gazetari Artan Hoxha, dit\u00ebn e sotme ka zbuluar p\u00ebr publikun, detaje nga p\u00ebrgjimet dhe se SPAK, ka n\u00eb dor\u00eb nj\u00eb dosje mjaft intensive me t\u00eb dh\u00ebna, m\u00eb shum\u00eb se k\u00ebto p\u00ebrgjime. \u201cMe ndryshimet q\u00eb jan\u00eb b\u00ebr\u00eb \u00ebsht\u00eb e p\u00ebrcaktuar qart\u00eb m\u00ebnyra si sillet organi i hetimit. \u00c7\u00ebshtja \u00ebsht\u00eb hapur. E mor\u00ebm vesh q\u00eb edhe kjo [&hellip;]<\/p>\n","protected":false},"author":2016,"featured_media":162549,"comment_status":"closed","ping_status":"closed","sticky":false,"template":"","format":"standard","meta":{"footnotes":""},"categories":[241],"tags":[1199],"class_list":{"0":"post-162547","1":"post","2":"type-post","3":"status-publish","4":"format-standard","5":"has-post-thumbnail","7":"category-aktualitet","8":"tag-lajme-zjarr-artan-hoxha-zbulon-dosjen-zjarr-tv"},"_links":{"self":[{"href":"https:\/\/zjarr.tv\/en\/wp-json\/wp\/v2\/posts\/162547","targetHints":{"allow":["GET"]}}],"collection":[{"href":"https:\/\/zjarr.tv\/en\/wp-json\/wp\/v2\/posts"}],"about":[{"href":"https:\/\/zjarr.tv\/en\/wp-json\/wp\/v2\/types\/post"}],"author":[{"embeddable":true,"href":"https:\/\/zjarr.tv\/en\/wp-json\/wp\/v2\/users\/2016"}],"replies":[{"embeddable":true,"href":"https:\/\/zjarr.tv\/en\/wp-json\/wp\/v2\/comments?post=162547"}],"version-history":[{"count":0,"href":"https:\/\/zjarr.tv\/en\/wp-json\/wp\/v2\/posts\/162547\/revisions"}],"wp:featuredmedia":[{"embeddable":true,"href":"https:\/\/zjarr.tv\/en\/wp-json\/wp\/v2\/media\/162549"}],"wp:attachment":[{"href":"https:\/\/zjarr.tv\/en\/wp-json\/wp\/v2\/media?parent=162547"}],"wp:term":[{"taxonomy":"category","embeddable":true,"href":"https:\/\/zjarr.tv\/en\/wp-json\/wp\/v2\/categories?post=162547"},{"taxonomy":"post_tag","embeddable":true,"href":"https:\/\/zjarr.tv\/en\/wp-json\/wp\/v2\/tags?post=162547"}],"curies":[{"name":"wp","href":"https:\/\/api.w.org\/{rel}","templated":true}]}}