{"id":162552,"date":"2021-02-05T14:53:20","date_gmt":"2021-02-05T13:53:20","guid":{"rendered":"https:\/\/zjarr.tv\/?p=162552"},"modified":"2021-02-05T14:53:20","modified_gmt":"2021-02-05T13:53:20","slug":"edi-rama-batuta-me-te-moshuarin-a-mund-te-hyj-surprizon-qytetari-demokrate-jemi-por-hajde","status":"publish","type":"post","link":"https:\/\/zjarr.tv\/en\/edi-rama-batuta-me-te-moshuarin-a-mund-te-hyj-surprizon-qytetari-demokrate-jemi-por-hajde\/","title":{"rendered":"Edi Rama batuta me t\u00eb moshuarin: A mund t\u00eb hyj? Surprizon qytetari: Demokrat\u00eb jemi por hajde\u2026"},"content":{"rendered":"<p>K\u00ebt\u00eb t\u00eb premte, Kryeministri i vendit Edi Rama, ka qen\u00eb n\u00eb Tepelen\u00eb, ku ka inspektuar punimet q\u00eb po b\u00ebhen n\u00eb kalan\u00eb e Ali Pash\u00eb Tepelen\u00ebs dhe ambientin p\u00ebrreth.<\/p>\n<p>Gjat\u00eb vizit\u00ebs s\u00eb tij, nuk kan\u00eb munguar as batutat me qytetar\u00ebt. Kryeministri Rama, i ka k\u00ebrkuar leje nj\u00eb \u00e7ifti t\u00eb moshuarish, p\u00ebr t\u2019i takuar n\u00eb sht\u00ebpin\u00eb e tyre.<\/p>\n<p>Teksa, i moshuari u shpreh s;e \u00ebsht\u00eb democrat, por megjithat\u00eb mund t\u00eb futej n\u00eb sht\u00ebpi. Nuk mungoi kund\u00ebrp\u00ebrgjigja e Kryeministrit, i cili tha se; i duhen disa demokrat\u00eb p\u00ebr t\u00eb mos i \u201cmarr\u00eb m\u00ebsysh\u201d.<\/p>\n<p>Edi Rama:\u00a0<em>A mund t\u00eb hy?<\/em><\/p>\n<p>Qytetari:\u00a0<em>Demokrat\u00eb jemi por hajde.<\/em><\/p>\n<p>Edi Rama:\u00a0<em>Na duhen disa demokrat\u00eb p\u00ebr t\u00eb mos na marr\u00eb m\u00ebsysh.<\/em><\/p>","protected":false},"excerpt":{"rendered":"<p>K\u00ebt\u00eb t\u00eb premte, Kryeministri i vendit Edi Rama, ka qen\u00eb n\u00eb Tepelen\u00eb, ku ka inspektuar punimet q\u00eb po b\u00ebhen n\u00eb kalan\u00eb e Ali Pash\u00eb Tepelen\u00ebs dhe ambientin p\u00ebrreth. Gjat\u00eb vizit\u00ebs s\u00eb tij, nuk kan\u00eb munguar as batutat me qytetar\u00ebt. Kryeministri Rama, i ka k\u00ebrkuar leje nj\u00eb \u00e7ifti t\u00eb moshuarish, p\u00ebr t\u2019i takuar n\u00eb sht\u00ebpin\u00eb e [&hellip;]<\/p>\n","protected":false},"author":2016,"featured_media":162569,"comment_status":"closed","ping_status":"closed","sticky":false,"template":"","format":"standard","meta":{"footnotes":""},"categories":[241],"tags":[1200],"class_list":{"0":"post-162552","1":"post","2":"type-post","3":"status-publish","4":"format-standard","5":"has-post-thumbnail","7":"category-aktualitet","8":"tag-lajme-zjarr-rama-batuta-me-te-moshuarin-zjarr-tv"},"_links":{"self":[{"href":"https:\/\/zjarr.tv\/en\/wp-json\/wp\/v2\/posts\/162552","targetHints":{"allow":["GET"]}}],"collection":[{"href":"https:\/\/zjarr.tv\/en\/wp-json\/wp\/v2\/posts"}],"about":[{"href":"https:\/\/zjarr.tv\/en\/wp-json\/wp\/v2\/types\/post"}],"author":[{"embeddable":true,"href":"https:\/\/zjarr.tv\/en\/wp-json\/wp\/v2\/users\/2016"}],"replies":[{"embeddable":true,"href":"https:\/\/zjarr.tv\/en\/wp-json\/wp\/v2\/comments?post=162552"}],"version-history":[{"count":0,"href":"https:\/\/zjarr.tv\/en\/wp-json\/wp\/v2\/posts\/162552\/revisions"}],"wp:featuredmedia":[{"embeddable":true,"href":"https:\/\/zjarr.tv\/en\/wp-json\/wp\/v2\/media\/162569"}],"wp:attachment":[{"href":"https:\/\/zjarr.tv\/en\/wp-json\/wp\/v2\/media?parent=162552"}],"wp:term":[{"taxonomy":"category","embeddable":true,"href":"https:\/\/zjarr.tv\/en\/wp-json\/wp\/v2\/categories?post=162552"},{"taxonomy":"post_tag","embeddable":true,"href":"https:\/\/zjarr.tv\/en\/wp-json\/wp\/v2\/tags?post=162552"}],"curies":[{"name":"wp","href":"https:\/\/api.w.org\/{rel}","templated":true}]}}