{"id":163137,"date":"2021-02-09T14:27:52","date_gmt":"2021-02-09T13:27:52","guid":{"rendered":"https:\/\/zjarr.tv\/?p=163137"},"modified":"2021-02-09T14:27:52","modified_gmt":"2021-02-09T13:27:52","slug":"rama-e-ironizoi-se-gatuante-me-kepuce-ne-shtepi-lulzim-basha-batuta-para-gazetareve-po-me-piperin","status":"publish","type":"post","link":"https:\/\/zjarr.tv\/en\/rama-e-ironizoi-se-gatuante-me-kepuce-ne-shtepi-lulzim-basha-batuta-para-gazetareve-po-me-piperin\/","title":{"rendered":"Rama e ironizoi se gatuante me k\u00ebpuc\u00eb n\u00eb sht\u00ebpi\/ Lulzim Basha batuta para gazetar\u00ebve: Po me piperin\u2026"},"content":{"rendered":"<p>Kryetari i Partis\u00eb Demokratike, Lulzim Basha, i \u00ebsht\u00eb p\u00ebrgjigjur me nj\u00eb batut\u00eb pyetjes s\u00eb gazetar\u00ebve, pas komentit q\u00eb Edi Rama, ka b\u00ebr\u00eb p\u00ebr videon ku kreu i opozit\u00ebs, shfaqej duke gatuar me k\u00ebpuc\u00eb n\u00eb ambientet e sht\u00ebpis\u00eb.<\/p>\n<p>\u201cMe piperin ishte n\u00eb rregull dometh\u00ebn\u00eb?\u201d, \u00ebsht\u00eb shprehur Basha me humor, para gazetar\u00ebve. Vijon\u2026<\/p>","protected":false},"excerpt":{"rendered":"<p>Kryetari i Partis\u00eb Demokratike, Lulzim Basha, i \u00ebsht\u00eb p\u00ebrgjigjur me nj\u00eb batut\u00eb pyetjes s\u00eb gazetar\u00ebve, pas komentit q\u00eb Edi Rama, ka b\u00ebr\u00eb p\u00ebr videon ku kreu i opozit\u00ebs, shfaqej duke gatuar me k\u00ebpuc\u00eb n\u00eb ambientet e sht\u00ebpis\u00eb. \u201cMe piperin ishte n\u00eb rregull dometh\u00ebn\u00eb?\u201d, \u00ebsht\u00eb shprehur Basha me humor, para gazetar\u00ebve. Vijon\u2026<\/p>","protected":false},"author":2016,"featured_media":163139,"comment_status":"closed","ping_status":"closed","sticky":false,"template":"","format":"standard","meta":{"footnotes":""},"categories":[241],"tags":[1251],"class_list":{"0":"post-163137","1":"post","2":"type-post","3":"status-publish","4":"format-standard","5":"has-post-thumbnail","7":"category-aktualitet","8":"tag-lajme-zjarr-basha-batuta-para-gazetareve-zjarr-tv"},"_links":{"self":[{"href":"https:\/\/zjarr.tv\/en\/wp-json\/wp\/v2\/posts\/163137","targetHints":{"allow":["GET"]}}],"collection":[{"href":"https:\/\/zjarr.tv\/en\/wp-json\/wp\/v2\/posts"}],"about":[{"href":"https:\/\/zjarr.tv\/en\/wp-json\/wp\/v2\/types\/post"}],"author":[{"embeddable":true,"href":"https:\/\/zjarr.tv\/en\/wp-json\/wp\/v2\/users\/2016"}],"replies":[{"embeddable":true,"href":"https:\/\/zjarr.tv\/en\/wp-json\/wp\/v2\/comments?post=163137"}],"version-history":[{"count":0,"href":"https:\/\/zjarr.tv\/en\/wp-json\/wp\/v2\/posts\/163137\/revisions"}],"wp:featuredmedia":[{"embeddable":true,"href":"https:\/\/zjarr.tv\/en\/wp-json\/wp\/v2\/media\/163139"}],"wp:attachment":[{"href":"https:\/\/zjarr.tv\/en\/wp-json\/wp\/v2\/media?parent=163137"}],"wp:term":[{"taxonomy":"category","embeddable":true,"href":"https:\/\/zjarr.tv\/en\/wp-json\/wp\/v2\/categories?post=163137"},{"taxonomy":"post_tag","embeddable":true,"href":"https:\/\/zjarr.tv\/en\/wp-json\/wp\/v2\/tags?post=163137"}],"curies":[{"name":"wp","href":"https:\/\/api.w.org\/{rel}","templated":true}]}}