{"id":163186,"date":"2021-02-09T18:06:53","date_gmt":"2021-02-09T17:06:53","guid":{"rendered":"https:\/\/zjarr.tv\/?p=163186"},"modified":"2021-02-09T18:06:53","modified_gmt":"2021-02-09T17:06:53","slug":"partia-agrare-ambientaliste-duka-te-pershpejtohet-vaksinimi-i-popullates","status":"publish","type":"post","link":"https:\/\/zjarr.tv\/en\/partia-agrare-ambientaliste-duka-te-pershpejtohet-vaksinimi-i-popullates\/","title":{"rendered":"Partia Agrare Ambientaliste \u2013 Duka: \u201cT\u00eb p\u00ebrshpejtohet vaksinimi i popullat\u00ebs\u201d"},"content":{"rendered":"<p>Partia Agrare Ambientaliste, e drejtuar nga Agron Duka, shprehet se qeveria duhet q\u00eb t\u00eb p\u00ebrshpejtoj\u00eb vaksinimin e popullat\u00ebs, n\u00eb m\u00ebnyr\u00eb q\u00eb t\u00eb shmanget izolimi.<\/p>\n<p>P\u00ebrmes nj\u00eb deklarate p\u00ebr mediat, PPA thekson se k\u00ebshtu mund t\u00eb reduktohet edhe shkalla e n\u00eb popullat\u00ebn shqiptare, dhe t\u00eb shp\u00ebtohen jet\u00ebt e njer\u00ebzve.<\/p>\n<p><strong>Deklarat\u00eb p\u00ebr Shtyp e PAA:<\/strong><\/p>\n<p>Partia Agrare Ambientaliste \u2013 Duka: \u201cT\u00eb p\u00ebrshpejtohet vaksinimi i popullat\u00ebs\u201d<\/p>\n<p>Q\u00eb t\u00eb mos vet\u00eb-izolohemi ose q\u00eb t\u00eb mos na izolojn\u00eb gjat\u00eb vitit 2021 duhet t\u00eb eleminojm\u00eb riskun e niveleve t\u00eb larta t\u00eb p\u00ebrhapjes s\u00eb virusit.<\/p>\n<p>Prioritet i qeveris\u00eb duhet t\u00eb jet\u00eb rritja e vaksinimit t\u00eb popullat\u00ebs.<\/p>\n<p>Detyrimi moral dhe ligjor i individ\u00ebve, biznesit dhe administrat\u00ebs publike \u00ebsht\u00eb reduktimi i shkall\u00ebs s\u00eb infektimit duke zbatuar strikt masat parandaluese.<\/p>\n<p>Duket se vaksinimi nga 70 deri 80% t\u00eb popullat\u00ebs \u00ebsht\u00eb i v\u00ebshtir\u00eb deri n\u00eb fillim t\u00eb sezonit turistik.<\/p>\n<p>Aktivitetet elektorale mund t\u00eb rrisin shkall\u00ebn e infektimeve pik\u00ebrisht n\u00eb fillim t\u00eb sezonit.<\/p>\n<p>Vaksinimi dhe parandalimi jan\u00eb kritike p\u00ebr t\u00eb shp\u00ebtuar jet\u00eb t\u00eb njer\u00ebzve dhe p\u00ebr t\u00eb mos ri-mbyllur ekonomin\u00eb pasi do t\u00eb rritej papun\u00ebsia dhe varf\u00ebria.<\/p>\n<p>&nbsp;<\/p>\n<p>&nbsp;<\/p>","protected":false},"excerpt":{"rendered":"<p>Partia Agrare Ambientaliste, e drejtuar nga Agron Duka, shprehet se qeveria duhet q\u00eb t\u00eb p\u00ebrshpejtoj\u00eb vaksinimin e popullat\u00ebs, n\u00eb m\u00ebnyr\u00eb q\u00eb t\u00eb shmanget izolimi. P\u00ebrmes nj\u00eb deklarate p\u00ebr mediat, PPA thekson se k\u00ebshtu mund t\u00eb reduktohet edhe shkalla e n\u00eb popullat\u00ebn shqiptare, dhe t\u00eb shp\u00ebtohen jet\u00ebt e njer\u00ebzve. Deklarat\u00eb p\u00ebr Shtyp e PAA: Partia Agrare [&hellip;]<\/p>\n","protected":false},"author":2031,"featured_media":163187,"comment_status":"closed","ping_status":"closed","sticky":false,"template":"","format":"standard","meta":{"footnotes":""},"categories":[231],"tags":[],"class_list":{"0":"post-163186","1":"post","2":"type-post","3":"status-publish","4":"format-standard","5":"has-post-thumbnail","7":"category-lajme"},"_links":{"self":[{"href":"https:\/\/zjarr.tv\/en\/wp-json\/wp\/v2\/posts\/163186","targetHints":{"allow":["GET"]}}],"collection":[{"href":"https:\/\/zjarr.tv\/en\/wp-json\/wp\/v2\/posts"}],"about":[{"href":"https:\/\/zjarr.tv\/en\/wp-json\/wp\/v2\/types\/post"}],"author":[{"embeddable":true,"href":"https:\/\/zjarr.tv\/en\/wp-json\/wp\/v2\/users\/2031"}],"replies":[{"embeddable":true,"href":"https:\/\/zjarr.tv\/en\/wp-json\/wp\/v2\/comments?post=163186"}],"version-history":[{"count":0,"href":"https:\/\/zjarr.tv\/en\/wp-json\/wp\/v2\/posts\/163186\/revisions"}],"wp:featuredmedia":[{"embeddable":true,"href":"https:\/\/zjarr.tv\/en\/wp-json\/wp\/v2\/media\/163187"}],"wp:attachment":[{"href":"https:\/\/zjarr.tv\/en\/wp-json\/wp\/v2\/media?parent=163186"}],"wp:term":[{"taxonomy":"category","embeddable":true,"href":"https:\/\/zjarr.tv\/en\/wp-json\/wp\/v2\/categories?post=163186"},{"taxonomy":"post_tag","embeddable":true,"href":"https:\/\/zjarr.tv\/en\/wp-json\/wp\/v2\/tags?post=163186"}],"curies":[{"name":"wp","href":"https:\/\/api.w.org\/{rel}","templated":true}]}}