{"id":163245,"date":"2021-02-10T13:25:23","date_gmt":"2021-02-10T12:25:23","guid":{"rendered":"https:\/\/zjarr.tv\/?p=163245"},"modified":"2021-02-10T13:25:23","modified_gmt":"2021-02-10T12:25:23","slug":"edi-rama-mbledh-ministrat-ja-cfare-po-planifikohetfoto","status":"publish","type":"post","link":"https:\/\/zjarr.tv\/en\/edi-rama-mbledh-ministrat-ja-cfare-po-planifikohetfoto\/","title":{"rendered":"Edi Rama mbledh ministrat\/ Ja \u00e7far\u00eb po planifikohet(Foto)"},"content":{"rendered":"<p>Kryeministri i vendit Edi Rama, ka mbledhur sot kabinetin ministror, p\u00ebr t\u00eb punuar p\u00ebr hartimin e programit t\u00eb Partis\u00eb Socialiste, q\u00eb do t\u00eb shpaloset para zgjedhjeve t\u00eb 25 prillit.<\/p>\n<p>K\u00ebt\u00eb e ka b\u00ebr\u00eb t\u00eb ditur vet\u00eb Kryeministri Rama, n\u00ebp\u00ebrmjet nj\u00eb postimi n\u00eb Instagram, ku shfaqet edhe kryetari i Kuvendit Gramoz Ru\u00e7i, Ministri i Brendsh\u00ebm Bledi \u00c7u\u00e7i, z\u00ebvend\u00ebs kryeministri Erion Bra\u00e7e, si dhe Ministrja e Drejt\u00ebsis\u00eb Etilda Gjonaj.<\/p>\n<p>Si\u00e7 duket, i gjith\u00eb kabineti qeveritar po punon p\u00ebr finalizimin e planit t\u00eb veprimit p\u00ebr PS-n\u00eb, n\u00eb premtimet q\u00eb do t\u2019u b\u00ebjn\u00eb shqiptar\u00ebve p\u00ebr mandatin e ardhsh\u00ebm.<\/p>\n<p><em style=\"font-weight: inherit;\"> \u201cDrejt finalizimit t\u00eb Vizionit Shqip\u00ebria 2030 dhe Planit t\u00eb Veprimit 2021-2025\u201d<\/em>,- ka shkruar Rama.<\/p>\n<p><img loading=\"lazy\" decoding=\"async\" class=\"alignnone size-full wp-image-163246\" src=\"https:\/\/zjarr.tv\/wp-content\/uploads\/2021\/02\/Rama-me-ministrat.jpg\" alt=\"\" width=\"940\" height=\"788\" srcset=\"https:\/\/zjarr.tv\/wp-content\/uploads\/2021\/02\/Rama-me-ministrat.jpg 940w, https:\/\/zjarr.tv\/wp-content\/uploads\/2021\/02\/Rama-me-ministrat-300x251.jpg 300w, https:\/\/zjarr.tv\/wp-content\/uploads\/2021\/02\/Rama-me-ministrat-768x644.jpg 768w, https:\/\/zjarr.tv\/wp-content\/uploads\/2021\/02\/Rama-me-ministrat-696x583.jpg 696w, https:\/\/zjarr.tv\/wp-content\/uploads\/2021\/02\/Rama-me-ministrat-501x420.jpg 501w\" sizes=\"auto, (max-width: 940px) 100vw, 940px\" \/><\/p>","protected":false},"excerpt":{"rendered":"<p>Kryeministri i vendit Edi Rama, ka mbledhur sot kabinetin ministror, p\u00ebr t\u00eb punuar p\u00ebr hartimin e programit t\u00eb Partis\u00eb Socialiste, q\u00eb do t\u00eb shpaloset para zgjedhjeve t\u00eb 25 prillit. K\u00ebt\u00eb e ka b\u00ebr\u00eb t\u00eb ditur vet\u00eb Kryeministri Rama, n\u00ebp\u00ebrmjet nj\u00eb postimi n\u00eb Instagram, ku shfaqet edhe kryetari i Kuvendit Gramoz Ru\u00e7i, Ministri i Brendsh\u00ebm Bledi [&hellip;]<\/p>\n","protected":false},"author":2016,"featured_media":163248,"comment_status":"closed","ping_status":"closed","sticky":false,"template":"","format":"standard","meta":{"footnotes":""},"categories":[241],"tags":[1261],"class_list":{"0":"post-163245","1":"post","2":"type-post","3":"status-publish","4":"format-standard","5":"has-post-thumbnail","7":"category-aktualitet","8":"tag-lajme-zjarr-rama-mbledh-ministrat-zjarr-tv"},"_links":{"self":[{"href":"https:\/\/zjarr.tv\/en\/wp-json\/wp\/v2\/posts\/163245","targetHints":{"allow":["GET"]}}],"collection":[{"href":"https:\/\/zjarr.tv\/en\/wp-json\/wp\/v2\/posts"}],"about":[{"href":"https:\/\/zjarr.tv\/en\/wp-json\/wp\/v2\/types\/post"}],"author":[{"embeddable":true,"href":"https:\/\/zjarr.tv\/en\/wp-json\/wp\/v2\/users\/2016"}],"replies":[{"embeddable":true,"href":"https:\/\/zjarr.tv\/en\/wp-json\/wp\/v2\/comments?post=163245"}],"version-history":[{"count":0,"href":"https:\/\/zjarr.tv\/en\/wp-json\/wp\/v2\/posts\/163245\/revisions"}],"wp:featuredmedia":[{"embeddable":true,"href":"https:\/\/zjarr.tv\/en\/wp-json\/wp\/v2\/media\/163248"}],"wp:attachment":[{"href":"https:\/\/zjarr.tv\/en\/wp-json\/wp\/v2\/media?parent=163245"}],"wp:term":[{"taxonomy":"category","embeddable":true,"href":"https:\/\/zjarr.tv\/en\/wp-json\/wp\/v2\/categories?post=163245"},{"taxonomy":"post_tag","embeddable":true,"href":"https:\/\/zjarr.tv\/en\/wp-json\/wp\/v2\/tags?post=163245"}],"curies":[{"name":"wp","href":"https:\/\/api.w.org\/{rel}","templated":true}]}}