{"id":163265,"date":"2021-02-10T14:10:24","date_gmt":"2021-02-10T13:10:24","guid":{"rendered":"https:\/\/zjarr.tv\/?p=163265"},"modified":"2021-02-10T14:10:56","modified_gmt":"2021-02-10T13:10:56","slug":"brace-jep-ultimatumin-kjo-eshte-cmenduri-jepini-fund-ketyre-zakoneve","status":"publish","type":"post","link":"https:\/\/zjarr.tv\/en\/brace-jep-ultimatumin-kjo-eshte-cmenduri-jepini-fund-ketyre-zakoneve\/","title":{"rendered":"Bra\u00e7e jep ultimatumin: Kjo \u00ebsht\u00eb \u00e7menduri, jepuni fund k\u00ebtyre zakoneve\u2026"},"content":{"rendered":"<p>Nga dita e sotme, nj\u00eb pjes\u00eb e shkollave n\u00eb Divjak\u00eb, do t\u00eb zhvillojn\u00eb m\u00ebsim online p\u00ebr dy jav\u00eb. Ky vendim, ka \u00a0ardhur pas ultimatiumit t\u00eb zv.kryeministri Erion Bra\u00e7e, n\u00ebp\u00ebrmjet nj\u00eb statusi n\u00eb rrjetet sociale, i cili shkruante se; situata e t\u00eb s\u00ebmur\u00ebve n\u00eb zonat e Divjak\u00ebs, T\u00ebrbufit, Grabianit, Gradishtes, Remasit vijon te jet\u00eb e r\u00ebnd\u00eb.<\/p>\n<p>Mbyllja e shkollave dhe kalimi i m\u00ebsimit n\u00eb platformat online, \u00ebsht\u00eb konfirmuar dhe nga drejtori i Zyr\u00ebs Arsimore Divjak\u00eb, Llazi Stase.<\/p>","protected":false},"excerpt":{"rendered":"<p>Nga dita e sotme, nj\u00eb pjes\u00eb e shkollave n\u00eb Divjak\u00eb, do t\u00eb zhvillojn\u00eb m\u00ebsim online p\u00ebr dy jav\u00eb. Ky vendim, ka \u00a0ardhur pas ultimatiumit t\u00eb zv.kryeministri Erion Bra\u00e7e, n\u00ebp\u00ebrmjet nj\u00eb statusi n\u00eb rrjetet sociale, i cili shkruante se; situata e t\u00eb s\u00ebmur\u00ebve n\u00eb zonat e Divjak\u00ebs, T\u00ebrbufit, Grabianit, Gradishtes, Remasit vijon te jet\u00eb e r\u00ebnd\u00eb. [&hellip;]<\/p>\n","protected":false},"author":2016,"featured_media":163269,"comment_status":"closed","ping_status":"closed","sticky":false,"template":"","format":"standard","meta":{"footnotes":""},"categories":[241],"tags":[1265],"class_list":{"0":"post-163265","1":"post","2":"type-post","3":"status-publish","4":"format-standard","5":"has-post-thumbnail","7":"category-aktualitet","8":"tag-lajme-zjarr-brace-jep-ultimatumin-zjarr-tv"},"_links":{"self":[{"href":"https:\/\/zjarr.tv\/en\/wp-json\/wp\/v2\/posts\/163265","targetHints":{"allow":["GET"]}}],"collection":[{"href":"https:\/\/zjarr.tv\/en\/wp-json\/wp\/v2\/posts"}],"about":[{"href":"https:\/\/zjarr.tv\/en\/wp-json\/wp\/v2\/types\/post"}],"author":[{"embeddable":true,"href":"https:\/\/zjarr.tv\/en\/wp-json\/wp\/v2\/users\/2016"}],"replies":[{"embeddable":true,"href":"https:\/\/zjarr.tv\/en\/wp-json\/wp\/v2\/comments?post=163265"}],"version-history":[{"count":0,"href":"https:\/\/zjarr.tv\/en\/wp-json\/wp\/v2\/posts\/163265\/revisions"}],"wp:featuredmedia":[{"embeddable":true,"href":"https:\/\/zjarr.tv\/en\/wp-json\/wp\/v2\/media\/163269"}],"wp:attachment":[{"href":"https:\/\/zjarr.tv\/en\/wp-json\/wp\/v2\/media?parent=163265"}],"wp:term":[{"taxonomy":"category","embeddable":true,"href":"https:\/\/zjarr.tv\/en\/wp-json\/wp\/v2\/categories?post=163265"},{"taxonomy":"post_tag","embeddable":true,"href":"https:\/\/zjarr.tv\/en\/wp-json\/wp\/v2\/tags?post=163265"}],"curies":[{"name":"wp","href":"https:\/\/api.w.org\/{rel}","templated":true}]}}