{"id":163284,"date":"2021-02-10T14:38:46","date_gmt":"2021-02-10T13:38:46","guid":{"rendered":"https:\/\/zjarr.tv\/?p=163284"},"modified":"2021-02-10T14:38:46","modified_gmt":"2021-02-10T13:38:46","slug":"perlotet-ne-sallen-e-gjyqit-infemierja-e-spitalit-shefqet-ndroqi-sidorela-cela-kam-dy-femije","status":"publish","type":"post","link":"https:\/\/zjarr.tv\/en\/perlotet-ne-sallen-e-gjyqit-infemierja-e-spitalit-shefqet-ndroqi-sidorela-cela-kam-dy-femije\/","title":{"rendered":"P\u00ebrlotet n\u00eb sall\u00ebn e gjyqit infemierja e spitalit \u201cShefqet Ndroqi\u201d Sidorela \u00c7ela: Kam dy f\u00ebmij\u00eb\u2026"},"content":{"rendered":"<p style=\"line-height: 17.65pt; vertical-align: baseline;\"><span style=\"color: #464343;\">Mesdit\u00ebn e sotme, ka nisur seanca gjyq\u00ebsore n\u00eb Gjykat\u00ebn Penale t\u00eb Tiran\u00ebs, p\u00ebr caktimin e mas\u00ebs s\u00eb siguris\u00eb, p\u00ebr 3 infermieret dhe 1 sanitare t\u00eb cilat jan\u00eb arrestuar pak dit\u00eb m\u00eb par\u00eb n\u00eb spitalin\u201dShefqet Ndroqi\u201d.<\/span><\/p>\n<p style=\"line-height: 17.65pt; vertical-align: baseline;\"><span style=\"color: #464343;\">Nj\u00ebra prej infermiereve, Sidorela \u00c7ela, \u00ebsht\u00eb p\u00ebrlotur n\u00eb sall\u00ebn e gjyqit, ku \u00ebsht\u00eb shprehur se; ka dy f\u00ebmij\u00eb t\u00eb mitur.<\/span><\/p>\n<p style=\"line-height: 17.65pt; vertical-align: baseline;\"><span style=\"color: #464343;\">\u00c7ela ka dy f\u00ebmij\u00eb t\u00eb moshave, 7-vje\u00e7 dhe 4-vje\u00e7.<\/span><\/p>\n<p style=\"line-height: 17.65pt; vertical-align: baseline;\"><span style=\"color: #464343;\">Kujtojm\u00eb se; 3 infermieret Mira Bushi, Sheqerije Ko\u00e7i, Sidorela \u00c7ela dhe sanitaren Rukija Hoxhaj, akuzohen p\u00ebr \u201cMashtrim\u201d dhe \u201cShp\u00ebrdorim detyre\u201d.<\/span><\/p>\n<p style=\"line-height: 17.65pt; vertical-align: baseline;\"><span style=\"color: #464343;\">Nd\u00ebrkaq, dit\u00ebn e sotme \u00ebsht\u00eb dh\u00ebn\u00eb masa e siguris\u00eb \u201cArrest sht\u00ebpie\u201d edhe p\u00ebr nj\u00eb tjet\u00ebr infermiere, Ronida Hysi, t\u00eb arrestuar tek Infektivi, e cila grabiti nj\u00eb pacient q\u00eb nd\u00ebrroi jet\u00eb n\u00eb spital.<\/span><\/p>","protected":false},"excerpt":{"rendered":"<p>Mesdit\u00ebn e sotme, ka nisur seanca gjyq\u00ebsore n\u00eb Gjykat\u00ebn Penale t\u00eb Tiran\u00ebs, p\u00ebr caktimin e mas\u00ebs s\u00eb siguris\u00eb, p\u00ebr 3 infermieret dhe 1 sanitare t\u00eb cilat jan\u00eb arrestuar pak dit\u00eb m\u00eb par\u00eb n\u00eb spitalin\u201dShefqet Ndroqi\u201d. Nj\u00ebra prej infermiereve, Sidorela \u00c7ela, \u00ebsht\u00eb p\u00ebrlotur n\u00eb sall\u00ebn e gjyqit, ku \u00ebsht\u00eb shprehur se; ka dy f\u00ebmij\u00eb t\u00eb mitur. [&hellip;]<\/p>\n","protected":false},"author":2016,"featured_media":163288,"comment_status":"closed","ping_status":"closed","sticky":false,"template":"","format":"standard","meta":{"footnotes":""},"categories":[241],"tags":[1267],"class_list":{"0":"post-163284","1":"post","2":"type-post","3":"status-publish","4":"format-standard","5":"has-post-thumbnail","7":"category-aktualitet","8":"tag-lajme-zjarr-perlotet-ne-sallen-e-gjyqit-infemierja-zjarr-tv"},"_links":{"self":[{"href":"https:\/\/zjarr.tv\/en\/wp-json\/wp\/v2\/posts\/163284","targetHints":{"allow":["GET"]}}],"collection":[{"href":"https:\/\/zjarr.tv\/en\/wp-json\/wp\/v2\/posts"}],"about":[{"href":"https:\/\/zjarr.tv\/en\/wp-json\/wp\/v2\/types\/post"}],"author":[{"embeddable":true,"href":"https:\/\/zjarr.tv\/en\/wp-json\/wp\/v2\/users\/2016"}],"replies":[{"embeddable":true,"href":"https:\/\/zjarr.tv\/en\/wp-json\/wp\/v2\/comments?post=163284"}],"version-history":[{"count":0,"href":"https:\/\/zjarr.tv\/en\/wp-json\/wp\/v2\/posts\/163284\/revisions"}],"wp:featuredmedia":[{"embeddable":true,"href":"https:\/\/zjarr.tv\/en\/wp-json\/wp\/v2\/media\/163288"}],"wp:attachment":[{"href":"https:\/\/zjarr.tv\/en\/wp-json\/wp\/v2\/media?parent=163284"}],"wp:term":[{"taxonomy":"category","embeddable":true,"href":"https:\/\/zjarr.tv\/en\/wp-json\/wp\/v2\/categories?post=163284"},{"taxonomy":"post_tag","embeddable":true,"href":"https:\/\/zjarr.tv\/en\/wp-json\/wp\/v2\/tags?post=163284"}],"curies":[{"name":"wp","href":"https:\/\/api.w.org\/{rel}","templated":true}]}}