{"id":163294,"date":"2021-02-10T14:50:43","date_gmt":"2021-02-10T13:50:43","guid":{"rendered":"https:\/\/zjarr.tv\/?p=163294"},"modified":"2021-02-10T14:50:43","modified_gmt":"2021-02-10T13:50:43","slug":"balla-habit-me-deklaraten-e-tij-presidenti-meta-ka-hyre-fshehurazi-ne-librazhd-ja-cfare-po","status":"publish","type":"post","link":"https:\/\/zjarr.tv\/en\/balla-habit-me-deklaraten-e-tij-presidenti-meta-ka-hyre-fshehurazi-ne-librazhd-ja-cfare-po\/","title":{"rendered":"Balla habit me deklarat\u00ebn e tij: Presidenti Meta ka hyr\u00eb fshehurazi n\u00eb Librazhd, ja \u00e7far\u00eb po\u2026"},"content":{"rendered":"<p>Taulant Balla, ka publikuar mjetin e Presidentit Ilir Meta n\u00eb Librazhd. Balla shkruan se; Meta ka marr\u00eb n\u00eb telefon dike, p\u00ebr t\u2019i dekoruar gjyshin e ikur nga kjo bot\u00eb para shume vitesh!<\/p>\n<p><em style=\"font-weight: inherit;\">\u201cPo nuk shkon mor burr\u00eb i dheut q\u00eb Presidenti t\u00eb hyj\u00eb n\u00eb Librazhd sikur po shkon fshehurazi dhe t\u00eb mbaj\u00eb nj\u00eb trast\u00eb me dekorata n\u00eb sedilen e pasme!\u201d K\u00ebshtu m\u00eb shkruan nj\u00eb bashk\u00ebqytetari im nga Librazhdi. Ishte habitur fare mileti atje sot q\u00eb ka marr\u00eb Presidenti n\u00eb telefon dik\u00eb per t\u2019i dekoruar gjyshin e ikur nga kjo bot\u00eb para shume vitesh! Mos u habit i thash\u00eb, nuk i dalin numrat e t\u00eb gjall\u00ebve Mon\u00ebs se ka vdekur LSI e 2017-\u00ebs dhe s\u2019ka \u00e7\u2019b\u00ebn edhe Likja se duhet t\u00eb ngjall\u00eb t\u00eb vdekurit\u2026\u201d,<\/em>\u00a0shkruan k\u00ebshtu Balla.<\/p>\n<p><img loading=\"lazy\" decoding=\"async\" class=\"alignnone size-full wp-image-163295\" src=\"https:\/\/zjarr.tv\/wp-content\/uploads\/2021\/02\/mjetin.jpg\" alt=\"\" width=\"640\" height=\"600\" srcset=\"https:\/\/zjarr.tv\/wp-content\/uploads\/2021\/02\/mjetin.jpg 640w, https:\/\/zjarr.tv\/wp-content\/uploads\/2021\/02\/mjetin-300x281.jpg 300w, https:\/\/zjarr.tv\/wp-content\/uploads\/2021\/02\/mjetin-448x420.jpg 448w\" sizes=\"auto, (max-width: 640px) 100vw, 640px\" \/><\/p>","protected":false},"excerpt":{"rendered":"<p>Taulant Balla, ka publikuar mjetin e Presidentit Ilir Meta n\u00eb Librazhd. Balla shkruan se; Meta ka marr\u00eb n\u00eb telefon dike, p\u00ebr t\u2019i dekoruar gjyshin e ikur nga kjo bot\u00eb para shume vitesh! \u201cPo nuk shkon mor burr\u00eb i dheut q\u00eb Presidenti t\u00eb hyj\u00eb n\u00eb Librazhd sikur po shkon fshehurazi dhe t\u00eb mbaj\u00eb nj\u00eb trast\u00eb me [&hellip;]<\/p>\n","protected":false},"author":2016,"featured_media":163299,"comment_status":"closed","ping_status":"closed","sticky":false,"template":"","format":"standard","meta":{"footnotes":""},"categories":[241],"tags":[1268],"class_list":{"0":"post-163294","1":"post","2":"type-post","3":"status-publish","4":"format-standard","5":"has-post-thumbnail","7":"category-aktualitet","8":"tag-lajme-zjarr-balla-habit-me-deklaraten-e-tij-zjarr-tv"},"_links":{"self":[{"href":"https:\/\/zjarr.tv\/en\/wp-json\/wp\/v2\/posts\/163294","targetHints":{"allow":["GET"]}}],"collection":[{"href":"https:\/\/zjarr.tv\/en\/wp-json\/wp\/v2\/posts"}],"about":[{"href":"https:\/\/zjarr.tv\/en\/wp-json\/wp\/v2\/types\/post"}],"author":[{"embeddable":true,"href":"https:\/\/zjarr.tv\/en\/wp-json\/wp\/v2\/users\/2016"}],"replies":[{"embeddable":true,"href":"https:\/\/zjarr.tv\/en\/wp-json\/wp\/v2\/comments?post=163294"}],"version-history":[{"count":0,"href":"https:\/\/zjarr.tv\/en\/wp-json\/wp\/v2\/posts\/163294\/revisions"}],"wp:featuredmedia":[{"embeddable":true,"href":"https:\/\/zjarr.tv\/en\/wp-json\/wp\/v2\/media\/163299"}],"wp:attachment":[{"href":"https:\/\/zjarr.tv\/en\/wp-json\/wp\/v2\/media?parent=163294"}],"wp:term":[{"taxonomy":"category","embeddable":true,"href":"https:\/\/zjarr.tv\/en\/wp-json\/wp\/v2\/categories?post=163294"},{"taxonomy":"post_tag","embeddable":true,"href":"https:\/\/zjarr.tv\/en\/wp-json\/wp\/v2\/tags?post=163294"}],"curies":[{"name":"wp","href":"https:\/\/api.w.org\/{rel}","templated":true}]}}