{"id":163307,"date":"2021-02-10T15:06:11","date_gmt":"2021-02-10T14:06:11","guid":{"rendered":"https:\/\/zjarr.tv\/?p=163307"},"modified":"2021-02-10T15:06:11","modified_gmt":"2021-02-10T14:06:11","slug":"vendimi-45-dite-burg-per-infermieret-dhe-sanitaren","status":"publish","type":"post","link":"https:\/\/zjarr.tv\/en\/vendimi-45-dite-burg-per-infermieret-dhe-sanitaren\/","title":{"rendered":"Vendimi\/ 45 dit\u00eb burg p\u00ebr infermieret dhe sanitaren\u2026"},"content":{"rendered":"<p style=\"line-height: 17.65pt; vertical-align: baseline;\"><span style=\"color: #464343;\">Gjykata Penale e Tiran\u00ebs, ka vler\u00ebsuar si t\u00eb detyruesh\u00ebm dhe t\u00eb ligjsh\u00ebm, mas\u00ebn e siguris\u00eb arrest me burg, infermiere e sanitare, tek spitali \u201cShefqet Ndroqi\u201d.<\/span><\/p>\n<p style=\"line-height: 17.65pt; vertical-align: baseline;\"><span style=\"color: #464343;\">P\u00ebr secil\u00ebn prej tyre, \u00ebsht\u00eb vendosur masa e siguris\u00eb 45 dit\u00eb arrest me burg, teksa \u00ebsht\u00eb komunikuar kjo infermieria Mira Bushi ka shp\u00ebrthyer n\u00eb lot.<\/span><\/p>\n<p style=\"line-height: 17.65pt; vertical-align: baseline;\"><span style=\"color: #464343;\">Mira Bushi- Arrest me burg, 45 dit\u00eb<\/span><\/p>\n<p style=\"line-height: 17.65pt; vertical-align: baseline;\"><span style=\"color: #464343;\">Sheqerije Ko\u00e7i- Arrest me burg, 45 dit\u00eb<\/span><\/p>\n<p style=\"line-height: 17.65pt; vertical-align: baseline;\"><span style=\"color: #464343;\">Sidorela \u00c7ela- Arrest me burg, 45 dit\u00eb<\/span><\/p>\n<p style=\"line-height: 17.65pt; vertical-align: baseline;\"><span style=\"color: #464343;\">Rukije Hoxhaj- Arrest me burg, 45 dit\u00eb.<\/span><\/p>\n<p style=\"line-height: 17.65pt; vertical-align: baseline;\"><span style=\"color: #464343;\">Nd\u00ebrkaq, Gjykata \u00e7mon se kjo mas\u00eb sigurie \u00ebsht\u00eb dh\u00ebn\u00eb me q\u00ebllim q\u00eb Prokuroria t\u00eb kryej\u00eb veprime t\u00eb tjera, p\u00ebrsa i p\u00ebrket zbardhjes se komunikimeve q\u00eb kan\u00eb patur 3 infermieret dhe sanitarja me Tire Alldervishi. Gjykata i k\u00ebrkon prokurorit q\u00eb t\u2019i vendos\u00eb n\u00eb dispozicion prova t\u00eb tjera, sa i p\u00ebrket veprave q\u00eb ato akuzohen<\/span><\/p>","protected":false},"excerpt":{"rendered":"<p>Gjykata Penale e Tiran\u00ebs, ka vler\u00ebsuar si t\u00eb detyruesh\u00ebm dhe t\u00eb ligjsh\u00ebm, mas\u00ebn e siguris\u00eb arrest me burg, infermiere e sanitare, tek spitali \u201cShefqet Ndroqi\u201d. P\u00ebr secil\u00ebn prej tyre, \u00ebsht\u00eb vendosur masa e siguris\u00eb 45 dit\u00eb arrest me burg, teksa \u00ebsht\u00eb komunikuar kjo infermieria Mira Bushi ka shp\u00ebrthyer n\u00eb lot. Mira Bushi- Arrest me burg, [&hellip;]<\/p>\n","protected":false},"author":2016,"featured_media":163309,"comment_status":"closed","ping_status":"closed","sticky":false,"template":"","format":"standard","meta":{"footnotes":""},"categories":[241],"tags":[1269],"class_list":{"0":"post-163307","1":"post","2":"type-post","3":"status-publish","4":"format-standard","5":"has-post-thumbnail","7":"category-aktualitet","8":"tag-lajme-zjarr-45-dite-burg-per-infermieret-dhe-sanitaren-zjarr-tv"},"_links":{"self":[{"href":"https:\/\/zjarr.tv\/en\/wp-json\/wp\/v2\/posts\/163307","targetHints":{"allow":["GET"]}}],"collection":[{"href":"https:\/\/zjarr.tv\/en\/wp-json\/wp\/v2\/posts"}],"about":[{"href":"https:\/\/zjarr.tv\/en\/wp-json\/wp\/v2\/types\/post"}],"author":[{"embeddable":true,"href":"https:\/\/zjarr.tv\/en\/wp-json\/wp\/v2\/users\/2016"}],"replies":[{"embeddable":true,"href":"https:\/\/zjarr.tv\/en\/wp-json\/wp\/v2\/comments?post=163307"}],"version-history":[{"count":0,"href":"https:\/\/zjarr.tv\/en\/wp-json\/wp\/v2\/posts\/163307\/revisions"}],"wp:featuredmedia":[{"embeddable":true,"href":"https:\/\/zjarr.tv\/en\/wp-json\/wp\/v2\/media\/163309"}],"wp:attachment":[{"href":"https:\/\/zjarr.tv\/en\/wp-json\/wp\/v2\/media?parent=163307"}],"wp:term":[{"taxonomy":"category","embeddable":true,"href":"https:\/\/zjarr.tv\/en\/wp-json\/wp\/v2\/categories?post=163307"},{"taxonomy":"post_tag","embeddable":true,"href":"https:\/\/zjarr.tv\/en\/wp-json\/wp\/v2\/tags?post=163307"}],"curies":[{"name":"wp","href":"https:\/\/api.w.org\/{rel}","templated":true}]}}