{"id":163313,"date":"2021-02-10T15:34:34","date_gmt":"2021-02-10T14:34:34","guid":{"rendered":"https:\/\/zjarr.tv\/?p=163313"},"modified":"2021-02-10T15:34:34","modified_gmt":"2021-02-10T14:34:34","slug":"kqz-e-gjobit-reagon-i-acaruar-erion-veliaj-me-gjobisin-se-une-punoj-duan-te-ndalojne-punen-ne-tirane","status":"publish","type":"post","link":"https:\/\/zjarr.tv\/en\/kqz-e-gjobit-reagon-i-acaruar-erion-veliaj-me-gjobisin-se-une-punoj-duan-te-ndalojne-punen-ne-tirane\/","title":{"rendered":"KQZ e gjobit reagon i acaruar Erion Veliaj: M\u00eb gjobisin se un\u00eb punoj, duan t\u00eb ndalojn\u00eb pun\u00ebn n\u00eb Tiran\u00eb\u2026"},"content":{"rendered":"<p>Pasi u gjobit p\u00ebr shkelje t\u00eb p\u00ebrs\u00ebritura t\u00eb Kodit Zgjedhor, kryebashkiaku Erion Veliaj ka reaguar ashp\u00ebr duke sulmuar opozit\u00ebn edhe pse n\u00eb fakt gjob\u00ebn e ka vendosur Komisioni Q\u00ebndror i Zgjedhjeve.<\/p>\n<p>Veliaj tha se ai po gjobitet sepse \u201cpo b\u00ebn pun\u00eb\u201d, duke i\u2019u referuar rind\u00ebrtimit t\u00eb banesave t\u00eb d\u00ebmtuara ose shembura nga t\u00ebrmeti. N\u00eb fakt, Erion Veliaj nuk \u00ebsht\u00eb gjobitur p\u00ebr nd\u00ebrtimin e sht\u00ebpive, por p\u00ebr propagand\u00ebn q\u00eb b\u00ebn n\u00ebp\u00ebr televizione, kur u dor\u00ebzon banesat qytetar\u00ebve t\u00eb d\u00ebmtuar, duke b\u00ebr\u00eb fushat\u00eb p\u00ebr Partin\u00eb Socialiste.<br \/>\nK\u00ebto lloj aktivitetesh jan\u00eb t\u00eb ndaluara pak muaj p\u00ebrpara zgjedhjeve, ndaj edhe kryebashkiaku \u00ebsht\u00eb gjobitur, sepse KQZ ka konstatuar se daljet e tij publike jan\u00eb n\u00eb shkelje t\u00eb Kodit Zgjedhor.<\/p>\n<p>Veliaj reagoi menj\u00ebher\u00eb n\u00eb Ne\u00ebs24, duksh\u00ebm i acaruar, duke sulmuar me akuza t\u00eb r\u00ebnd\u00eb opozit\u00ebn dhe duke th\u00ebn\u00eb se Lulzim Basha \u201cu b\u00eb me 5 vila n\u00eb pandemi\u201d, deklarat\u00eb kjo e p\u00ebrs\u00ebritur, p\u00ebr t\u00eb cil\u00ebn kreu i opozit\u00ebs e ka paditur kryebashkiakun.<\/p>\n<p>\u201c<em>Ka qen\u00eb nj\u00eb akuz\u00eb nga opozita, jan\u00eb n\u00eb situat\u00eb t\u00eb d\u00ebshp\u00ebruar. K\u00ebrkojn\u00eb t\u00eb ndaloj\u00eb puna n\u00eb Tiran\u00eb. Kjo do t\u00eb apelohet, por besoj se ka di\u00e7ka t\u00eb pandershme, n\u00eb nj\u00eb situat\u00eb q\u00eb gjobitesh se punon dhe nuk gjobitesh n\u00ebse b\u00ebhesh me pes\u00eb vila n\u00eb koh\u00eb pandemie, p\u00ebrkundrazi mund t\u00eb kandidosh p\u00ebr kryeminist\u00ebr.<\/em><\/p>\n<p><em>Ka dicka th\u00ebll\u00ebsisht amorale ne k\u00ebt\u00eb sjellje, por do ta apeloj sepse besoj se ka nj\u00eb drejt\u00ebsi n\u00eb apel.<\/em><\/p>\n<p><em>\u00cbsht\u00eb detyr\u00eb funksionale e kryetarit t\u00eb Bashkis\u00eb t\u00eb b\u00ebj\u00eb pun\u00ebn e vet.<\/em><\/p>\n<p><em>Kemi humbur 30 vite me Lulin dhe Monik\u00ebn, nuk duhet t\u00eb humbasim as tre minuta.<\/em><\/p>\n<p><em>Kjo \u00ebsht\u00eb nj\u00eb gjob\u00eb p\u00ebrse njer\u00ebzit jan\u00eb futur n\u00eb sht\u00ebpi dhe nuk rrin\u00eb n\u00eb \u00e7ad\u00ebr q\u00eb Luli dhe Mona t\u2019i ken\u00eb garnityr\u00eb p\u00ebr fushat\u00ebn e tyre patetike.<\/em><\/p>\n<p><em>Kam pes\u00eb dit\u00eb p\u00ebr ta apeluar, por apeli m\u00eb i madh i duhet b\u00ebr\u00eb shoq\u00ebris\u00eb, q\u00eb jemi katandisur n\u00eb nj\u00eb situat\u00eb q\u00eb diksuh q\u00eb ka shtuar pes\u00eb vila n\u00eb pandemi, kandidon p\u00ebr kryeminist\u00ebr, dhe diksuh q\u00eb fut njer\u00ebzit n\u00eb sht\u00ebpi gjobitet<\/em>\u201c, \u00ebsht\u00eb shprehur Veliaj.<\/p>\n<p>&nbsp;<\/p>","protected":false},"excerpt":{"rendered":"<p>Pasi u gjobit p\u00ebr shkelje t\u00eb p\u00ebrs\u00ebritura t\u00eb Kodit Zgjedhor, kryebashkiaku Erion Veliaj ka reaguar ashp\u00ebr duke sulmuar opozit\u00ebn edhe pse n\u00eb fakt gjob\u00ebn e ka vendosur Komisioni Q\u00ebndror i Zgjedhjeve. Veliaj tha se ai po gjobitet sepse \u201cpo b\u00ebn pun\u00eb\u201d, duke i\u2019u referuar rind\u00ebrtimit t\u00eb banesave t\u00eb d\u00ebmtuara ose shembura nga t\u00ebrmeti. N\u00eb fakt, [&hellip;]<\/p>\n","protected":false},"author":2016,"featured_media":163315,"comment_status":"closed","ping_status":"closed","sticky":false,"template":"","format":"standard","meta":{"footnotes":""},"categories":[241],"tags":[1270],"class_list":{"0":"post-163313","1":"post","2":"type-post","3":"status-publish","4":"format-standard","5":"has-post-thumbnail","7":"category-aktualitet","8":"tag-lajme-zjarr-reagon-i-acaruar-erion-veliaj-zjarr-tv"},"_links":{"self":[{"href":"https:\/\/zjarr.tv\/en\/wp-json\/wp\/v2\/posts\/163313","targetHints":{"allow":["GET"]}}],"collection":[{"href":"https:\/\/zjarr.tv\/en\/wp-json\/wp\/v2\/posts"}],"about":[{"href":"https:\/\/zjarr.tv\/en\/wp-json\/wp\/v2\/types\/post"}],"author":[{"embeddable":true,"href":"https:\/\/zjarr.tv\/en\/wp-json\/wp\/v2\/users\/2016"}],"replies":[{"embeddable":true,"href":"https:\/\/zjarr.tv\/en\/wp-json\/wp\/v2\/comments?post=163313"}],"version-history":[{"count":0,"href":"https:\/\/zjarr.tv\/en\/wp-json\/wp\/v2\/posts\/163313\/revisions"}],"wp:featuredmedia":[{"embeddable":true,"href":"https:\/\/zjarr.tv\/en\/wp-json\/wp\/v2\/media\/163315"}],"wp:attachment":[{"href":"https:\/\/zjarr.tv\/en\/wp-json\/wp\/v2\/media?parent=163313"}],"wp:term":[{"taxonomy":"category","embeddable":true,"href":"https:\/\/zjarr.tv\/en\/wp-json\/wp\/v2\/categories?post=163313"},{"taxonomy":"post_tag","embeddable":true,"href":"https:\/\/zjarr.tv\/en\/wp-json\/wp\/v2\/tags?post=163313"}],"curies":[{"name":"wp","href":"https:\/\/api.w.org\/{rel}","templated":true}]}}