{"id":163320,"date":"2021-02-10T16:20:46","date_gmt":"2021-02-10T15:20:46","guid":{"rendered":"https:\/\/zjarr.tv\/?p=163320"},"modified":"2021-02-10T16:20:46","modified_gmt":"2021-02-10T15:20:46","slug":"ministrja-kushi-prezanton-rregullat-e-reja-per-sezonin-e-provimeve-jo-me-shume-se-15-persona-ne-salle","status":"publish","type":"post","link":"https:\/\/zjarr.tv\/en\/ministrja-kushi-prezanton-rregullat-e-reja-per-sezonin-e-provimeve-jo-me-shume-se-15-persona-ne-salle\/","title":{"rendered":"Ministrja Kushi prezanton rregullat e reja p\u00ebr sezonin e provimeve, jo m\u00eb shum\u00eb se 15 persona n\u00eb sall\u00eb"},"content":{"rendered":"<p>Kushi iu drejtua universiteteve duke i th\u00ebn\u00eb se n\u00eb rastin q\u00eb studenti nuk futet dot n\u00eb k\u00ebt\u00eb sezon t\u00eb ket\u00eb mund\u00ebsi q\u00eb ta jap\u00eb provimin n\u00eb sezonin tjet\u00ebr, duke mos u penalizuar. Ajo b\u00ebri t\u00eb ditur se sezoni i provimeve do t\u00eb jet\u00eb p\u00ebr nj\u00eb afat 45 dit\u00ebsh, nd\u00ebrsa mungesat nuk do t\u00eb jen\u00eb problem p\u00ebr student\u00ebt q\u00eb nuk kan\u00eb pasur mund\u00ebsi t\u00eb hyjn\u00eb n\u00eb leksione apo seminare.<\/p>\n<p>Ministrja e Arsimit Evis Kushi n\u00eb nj\u00eb videomesazh drejtuar universiteteve dhe student\u00ebve ka prezantuar rregullat e reja p\u00ebr provimet e sezonit t\u00eb dimrit.<\/p>\n<p>Kushi iu drejtua universiteteve duke i th\u00ebn\u00eb se n\u00eb rastin q\u00eb studenti nuk futet dot n\u00eb k\u00ebt\u00eb sezon t\u00eb ket\u00eb mund\u00ebsi q\u00eb ta jap\u00eb provimin n\u00eb sezonin tjet\u00ebr, duke mos u penalizuar. Ajo b\u00ebri t\u00eb ditur se sezoni i provimeve do t\u00eb jet\u00eb p\u00ebr nj\u00eb afat 45 dit\u00ebsh, nd\u00ebrsa mungesat nuk do t\u00eb jen\u00eb problem p\u00ebr student\u00ebt q\u00eb nuk kan\u00eb pasur mund\u00ebsi t\u00eb hyjn\u00eb n\u00eb leksione apo seminare.<\/p>\n<p>Nd\u00ebr t\u00eb tjera \u00ebsht\u00eb vendosur q\u00eb numri i student\u00ebve n\u00eb sall\u00eb t\u00eb jet\u00eb jo m\u00eb shum\u00eb se 15 persona, provimi t\u00eb zgjas\u00eb jo m\u00eb shum\u00eb se 1 or\u00eb si dhe masak do t\u00eb t\u00eb mbahet me detyrim n\u00eb salla.<\/p>","protected":false},"excerpt":{"rendered":"<p>Kushi iu drejtua universiteteve duke i th\u00ebn\u00eb se n\u00eb rastin q\u00eb studenti nuk futet dot n\u00eb k\u00ebt\u00eb sezon t\u00eb ket\u00eb mund\u00ebsi q\u00eb ta jap\u00eb provimin n\u00eb sezonin tjet\u00ebr, duke mos u penalizuar. Ajo b\u00ebri t\u00eb ditur se sezoni i provimeve do t\u00eb jet\u00eb p\u00ebr nj\u00eb afat 45 dit\u00ebsh, nd\u00ebrsa mungesat nuk do t\u00eb jen\u00eb problem [&hellip;]<\/p>\n","protected":false},"author":2031,"featured_media":157139,"comment_status":"closed","ping_status":"closed","sticky":false,"template":"","format":"standard","meta":{"footnotes":""},"categories":[231],"tags":[],"class_list":{"0":"post-163320","1":"post","2":"type-post","3":"status-publish","4":"format-standard","5":"has-post-thumbnail","7":"category-lajme"},"_links":{"self":[{"href":"https:\/\/zjarr.tv\/en\/wp-json\/wp\/v2\/posts\/163320","targetHints":{"allow":["GET"]}}],"collection":[{"href":"https:\/\/zjarr.tv\/en\/wp-json\/wp\/v2\/posts"}],"about":[{"href":"https:\/\/zjarr.tv\/en\/wp-json\/wp\/v2\/types\/post"}],"author":[{"embeddable":true,"href":"https:\/\/zjarr.tv\/en\/wp-json\/wp\/v2\/users\/2031"}],"replies":[{"embeddable":true,"href":"https:\/\/zjarr.tv\/en\/wp-json\/wp\/v2\/comments?post=163320"}],"version-history":[{"count":0,"href":"https:\/\/zjarr.tv\/en\/wp-json\/wp\/v2\/posts\/163320\/revisions"}],"wp:featuredmedia":[{"embeddable":true,"href":"https:\/\/zjarr.tv\/en\/wp-json\/wp\/v2\/media\/157139"}],"wp:attachment":[{"href":"https:\/\/zjarr.tv\/en\/wp-json\/wp\/v2\/media?parent=163320"}],"wp:term":[{"taxonomy":"category","embeddable":true,"href":"https:\/\/zjarr.tv\/en\/wp-json\/wp\/v2\/categories?post=163320"},{"taxonomy":"post_tag","embeddable":true,"href":"https:\/\/zjarr.tv\/en\/wp-json\/wp\/v2\/tags?post=163320"}],"curies":[{"name":"wp","href":"https:\/\/api.w.org\/{rel}","templated":true}]}}