{"id":164729,"date":"2021-02-20T11:41:33","date_gmt":"2021-02-20T10:41:33","guid":{"rendered":"https:\/\/zjarr.tv\/?p=164729"},"modified":"2021-02-20T11:41:33","modified_gmt":"2021-02-20T10:41:33","slug":"basha-perkujton-sot-30-vjetorin-e-rrezimit-te-bustit-te-diktatorit-enver-hoxha","status":"publish","type":"post","link":"https:\/\/zjarr.tv\/en\/basha-perkujton-sot-30-vjetorin-e-rrezimit-te-bustit-te-diktatorit-enver-hoxha\/","title":{"rendered":"Basha p\u00ebrkujton sot 30 vjetorin e rr\u00ebzimit t\u00eb bustit t\u00eb diktatorit, Enver Hoxha\u2026"},"content":{"rendered":"<p>Kreu demokrat Lulzim Basha, ka p\u00ebrkujtuar sot 30 vjetorin e rr\u00ebzimit t\u00eb bustit t\u00eb diktatorit, Enver Hoxha.<\/p>\n<p>N\u00eb rrjetet sociale, Basha shkruan se; 30 vite m\u00eb pas hijet e regjimit, duan q\u00eb t\u00eb mos realizojm\u00eb \u00ebndrr\u00ebn europiane. Gjithashtu, kryedemokrati tha se; PD do ta ndal\u00eb k\u00ebt\u00eb v\u00ebrshim ogurzi, duke e rikthyer Shqip\u00ebrin\u00eb n\u00eb rrug\u00ebn e saj europiane.<\/p>\n<p>Postimi i plot\u00eb:<\/p>\n<p><em>30 vjet m\u00eb par\u00eb, shqiptar\u00ebt rr\u00ebzuan shtatoren e diktatorit m\u00eb t\u00eb pashpirt q\u00eb ka par\u00eb historia jon\u00eb, n\u00eb nj\u00eb akt sublim \u00e7lirimi nga idhujtaria e diktatur\u00ebs.<\/em><\/p>\n<p><em>20 shkurti i vitit 1991 ishte kremtim i shpres\u00ebs s\u00eb re dhe ndryshimit q\u00eb po lindte pas gjysm\u00eb shekulli tiranie. Ishte klithma e shqiptar\u00ebve t\u00eb lir\u00eb n\u00eb shpirt q\u00eb kumboi pa pushim n\u00eb thirrjet \u201cE duam Shqip\u00ebrin\u00eb si gjith\u00eb Europa!\u201d<\/em><\/p>\n<p><em>P\u00ebr fat t\u00eb keq, n\u00eb Shqip\u00ebrin\u00eb ton\u00eb edhe 30 vite pas rr\u00ebzimit t\u00eb bustit t\u00eb diktatorit, simbolet e komunizmit t\u00eb atij regjimi jan\u00eb rikthyer n\u00eb rrug\u00ebt dhe sheshet tona, p\u00ebr t\u00eb trembur p\u00ebrpjekjen ton\u00eb tridekad\u00ebshe p\u00ebr ta b\u00ebr\u00eb Shqip\u00ebrin\u00eb si gjith\u00eb Europa.<\/em><\/p>\n<p><em>Jo vet\u00ebm nostalgjik\u00ebt e viteve t\u00eb mbrapshta e t\u00eb zymta t\u00eb diktatur\u00ebs, por edhe t\u00eb tjer\u00eb q\u00eb p\u00ebr t\u00eb mbajtur me \u00e7do kusht pushtetin imitojn\u00eb diktatorin, jan\u00eb sot k\u00ebrc\u00ebnimi m\u00eb i madh p\u00ebr demokracin\u00eb dhe lirin\u00eb ton\u00eb.<\/em><\/p>\n<p><em>Ne do ta ndalim k\u00ebt\u00eb v\u00ebrshim ogurzi duke e rikthyer Shqip\u00ebrin\u00eb n\u00eb rrug\u00ebn e saj europiane.<\/em><\/p>\n<p><em>Shqip\u00ebria ka nevoj\u00eb p\u00ebr ekonomi m\u00eb t\u00eb fort\u00eb, p\u00ebr sh\u00ebndet\u00ebsi dhe kujdes m\u00eb t\u00eb madh p\u00ebr gjith\u00eb qytetar\u00ebt, por historia jon\u00eb e af\u00ebrt na ka m\u00ebsuar se asnj\u00ebra nga k\u00ebto nuk mund t\u00eb arrihet pa garantuar mbi t\u00eb gjitha lirin\u00eb dhe demokracin\u00eb p\u00ebr t\u2019u sjell\u00eb si nj\u00eb vend europian.<\/em><\/p>\n<p><em>Un\u00eb ju garantoj se me vullnetin tim, angazhimin dhe m\u00ebsimin edhe nga gabimet e s\u00eb shkuar\u00ebs do t\u00eb p\u00ebrpiqem fort q\u00eb as edhe hijet m\u00eb t\u00eb larg\u00ebta t\u00eb asaj koh\u00eb fam\u00ebkeqe t\u00eb mos jen\u00eb prezente n\u00eb dit\u00ebt tona.<\/em><\/p>\n<p><em>20 shkurti \u00ebsht\u00eb festa jon\u00eb e \u00e7lirimit shpirt\u00ebror nga damka e turpshme e diktatur\u00ebs! Le t\u00eb jet\u00eb edhe dita e bes\u00eblidhjes p\u00ebr t\u00eb mos e lejuar kurr\u00eb m\u00eb rikthimin e hijeve t\u00eb saj mes nesh!<\/em><\/p>","protected":false},"excerpt":{"rendered":"<p>Kreu demokrat Lulzim Basha, ka p\u00ebrkujtuar sot 30 vjetorin e rr\u00ebzimit t\u00eb bustit t\u00eb diktatorit, Enver Hoxha. N\u00eb rrjetet sociale, Basha shkruan se; 30 vite m\u00eb pas hijet e regjimit, duan q\u00eb t\u00eb mos realizojm\u00eb \u00ebndrr\u00ebn europiane. Gjithashtu, kryedemokrati tha se; PD do ta ndal\u00eb k\u00ebt\u00eb v\u00ebrshim ogurzi, duke e rikthyer Shqip\u00ebrin\u00eb n\u00eb rrug\u00ebn e [&hellip;]<\/p>\n","protected":false},"author":2016,"featured_media":164731,"comment_status":"closed","ping_status":"closed","sticky":false,"template":"","format":"standard","meta":{"footnotes":""},"categories":[241],"tags":[1389],"class_list":{"0":"post-164729","1":"post","2":"type-post","3":"status-publish","4":"format-standard","5":"has-post-thumbnail","7":"category-aktualitet","8":"tag-lajme-zjarr-basha-kujton-30-vjetorin-e-rrezimit-te-bustit-te-diktatorit-zjarr-tv"},"_links":{"self":[{"href":"https:\/\/zjarr.tv\/en\/wp-json\/wp\/v2\/posts\/164729","targetHints":{"allow":["GET"]}}],"collection":[{"href":"https:\/\/zjarr.tv\/en\/wp-json\/wp\/v2\/posts"}],"about":[{"href":"https:\/\/zjarr.tv\/en\/wp-json\/wp\/v2\/types\/post"}],"author":[{"embeddable":true,"href":"https:\/\/zjarr.tv\/en\/wp-json\/wp\/v2\/users\/2016"}],"replies":[{"embeddable":true,"href":"https:\/\/zjarr.tv\/en\/wp-json\/wp\/v2\/comments?post=164729"}],"version-history":[{"count":0,"href":"https:\/\/zjarr.tv\/en\/wp-json\/wp\/v2\/posts\/164729\/revisions"}],"wp:featuredmedia":[{"embeddable":true,"href":"https:\/\/zjarr.tv\/en\/wp-json\/wp\/v2\/media\/164731"}],"wp:attachment":[{"href":"https:\/\/zjarr.tv\/en\/wp-json\/wp\/v2\/media?parent=164729"}],"wp:term":[{"taxonomy":"category","embeddable":true,"href":"https:\/\/zjarr.tv\/en\/wp-json\/wp\/v2\/categories?post=164729"},{"taxonomy":"post_tag","embeddable":true,"href":"https:\/\/zjarr.tv\/en\/wp-json\/wp\/v2\/tags?post=164729"}],"curies":[{"name":"wp","href":"https:\/\/api.w.org\/{rel}","templated":true}]}}