{"id":164748,"date":"2021-02-20T13:14:37","date_gmt":"2021-02-20T12:14:37","guid":{"rendered":"https:\/\/zjarr.tv\/?p=164748"},"modified":"2021-02-20T13:14:37","modified_gmt":"2021-02-20T12:14:37","slug":"shperthen-i-indinjuar-romeo-kara-dhe-ben-paralajmerimin-e-forte-per-zgjedhjet-e-25-prillit","status":"publish","type":"post","link":"https:\/\/zjarr.tv\/en\/shperthen-i-indinjuar-romeo-kara-dhe-ben-paralajmerimin-e-forte-per-zgjedhjet-e-25-prillit\/","title":{"rendered":"Shp\u00ebrthen i indinjuar Romeo Kara dhe b\u00ebn paralajm\u00ebrimin e fort\u00eb, p\u00ebr zgjedhjet e 25 prillit\u2026"},"content":{"rendered":"<p>Juristi Romeo Kara, shkruan se n\u00eb Shqip\u00ebri, asnj\u00eb parti politike nuk e meriton q\u00eb t\u00eb votohet n\u00eb zgjedhjet e 25 prillit, pasi asnj\u00ebra prej tyre nuk e ka luftuar korrupsionin, por \u00ebsht\u00eb b\u00ebr\u00eb pal\u00eb me t\u00eb.<\/p>\n<p>Sipas tij, shqiptar\u00ebt duhet t\u00eb votojn\u00eb alternativat e reja, mir\u00ebpo k\u00ebto t\u00eb fundit nuk po e marrin forc\u00ebn e duhur.<\/p>\n<p>Nisur nga ky realitet, Kara paralajm\u00ebron se zgjedhjet e 25 prillit, nuk do t\u00eb sjellin zgjedhje.<\/p>\n<p>Postimi:<\/p>\n<p><em style=\"font-weight: inherit;\">\u201cPresidenti i SHBA-se, Theodore \u201cTeddy\u201d Roosevelt, eshte shprehur si me poshte, lidhur me motivin real, per te cilin gerdallat e politikes sone keto 30 vitet e fundit, po e rikerkojne p\u00ebr t\u00eb disaten here voten tone:<\/em><\/p>\n<p><em style=\"font-weight: inherit;\"> \u201cShkaterrimi i Qeverise t\u00eb Padukshme, dhe shperberja e Aleances se Shenjte, midis biznesit t\u00eb korruptuar dhe politik\u00ebs s\u00eb korruptuar, \u00ebsht\u00eb detyra e par\u00eb e dites e burrit t\u00eb shtetit\u201d.<\/em><\/p>\n<p><em style=\"font-weight: inherit;\">Sipas ketij burri real shteti, qeveria reale n\u00eb vendet e korruptuara pikerisht si vendi yne, eshte aleanca e jashteligjshme: politike e korruptuar + biznes i korruptuar.<\/em><\/p>\n<p><em style=\"font-weight: inherit;\">Voten kunder e meritojne ata, qe i sherbyen kesaj aleance dhe bejne pjese n\u00eb te. Realiteti 30-vjecar na dikton nje vote kunder t\u00eb gjithe establishmentit politik pa perjashtim.<\/em><\/p>\n<p><em style=\"font-weight: inherit;\">Voten pro e meritojne vetem ata, qe e kane luftuar realisht ate aleance krimi. Nga gerdallat e kesaj politike, askush prej tyre nuk e meriton kete vote.<\/em><\/p>\n<p><em style=\"font-weight: inherit;\">Ky popull duhet t\u2019i drejtohet alternativave t\u00eb reja, t\u00eb cilat fatkeqesisht nuk po marrin forcen e duhur.<\/em><\/p>\n<p><em style=\"font-weight: inherit;\">Zgjedhjet e 25-prillit nuk do te sjellin zgjidhje.\u201d-<\/em>shkruan Romeo Kara.<\/p>","protected":false},"excerpt":{"rendered":"<p>Juristi Romeo Kara, shkruan se n\u00eb Shqip\u00ebri, asnj\u00eb parti politike nuk e meriton q\u00eb t\u00eb votohet n\u00eb zgjedhjet e 25 prillit, pasi asnj\u00ebra prej tyre nuk e ka luftuar korrupsionin, por \u00ebsht\u00eb b\u00ebr\u00eb pal\u00eb me t\u00eb. Sipas tij, shqiptar\u00ebt duhet t\u00eb votojn\u00eb alternativat e reja, mir\u00ebpo k\u00ebto t\u00eb fundit nuk po e marrin forc\u00ebn e [&hellip;]<\/p>\n","protected":false},"author":2016,"featured_media":164750,"comment_status":"closed","ping_status":"closed","sticky":false,"template":"","format":"standard","meta":{"footnotes":""},"categories":[241],"tags":[1394],"class_list":{"0":"post-164748","1":"post","2":"type-post","3":"status-publish","4":"format-standard","5":"has-post-thumbnail","7":"category-aktualitet","8":"tag-lajme-zjarr-shperthen-i-indinjuar-romeo-kara-zjarr-tv"},"_links":{"self":[{"href":"https:\/\/zjarr.tv\/en\/wp-json\/wp\/v2\/posts\/164748","targetHints":{"allow":["GET"]}}],"collection":[{"href":"https:\/\/zjarr.tv\/en\/wp-json\/wp\/v2\/posts"}],"about":[{"href":"https:\/\/zjarr.tv\/en\/wp-json\/wp\/v2\/types\/post"}],"author":[{"embeddable":true,"href":"https:\/\/zjarr.tv\/en\/wp-json\/wp\/v2\/users\/2016"}],"replies":[{"embeddable":true,"href":"https:\/\/zjarr.tv\/en\/wp-json\/wp\/v2\/comments?post=164748"}],"version-history":[{"count":0,"href":"https:\/\/zjarr.tv\/en\/wp-json\/wp\/v2\/posts\/164748\/revisions"}],"wp:featuredmedia":[{"embeddable":true,"href":"https:\/\/zjarr.tv\/en\/wp-json\/wp\/v2\/media\/164750"}],"wp:attachment":[{"href":"https:\/\/zjarr.tv\/en\/wp-json\/wp\/v2\/media?parent=164748"}],"wp:term":[{"taxonomy":"category","embeddable":true,"href":"https:\/\/zjarr.tv\/en\/wp-json\/wp\/v2\/categories?post=164748"},{"taxonomy":"post_tag","embeddable":true,"href":"https:\/\/zjarr.tv\/en\/wp-json\/wp\/v2\/tags?post=164748"}],"curies":[{"name":"wp","href":"https:\/\/api.w.org\/{rel}","templated":true}]}}