{"id":164756,"date":"2021-02-20T13:58:32","date_gmt":"2021-02-20T12:58:32","guid":{"rendered":"https:\/\/zjarr.tv\/?p=164756"},"modified":"2021-02-20T13:58:32","modified_gmt":"2021-02-20T12:58:32","slug":"62-vjecari-qe-jeton-prej-8-vitesh-ne-makinen-e-tij-ne-fier-i-vetem-dhe-i-braktisur-nga-femijet","status":"publish","type":"post","link":"https:\/\/zjarr.tv\/en\/62-vjecari-qe-jeton-prej-8-vitesh-ne-makinen-e-tij-ne-fier-i-vetem-dhe-i-braktisur-nga-femijet\/","title":{"rendered":"62-vje\u00e7ari q\u00eb jeton prej 8 vitesh n\u00eb makin\u00ebn e tij n\u00eb Fier\/ I vet\u00ebm dhe i braktisur nga f\u00ebmij\u00ebt\u2026"},"content":{"rendered":"<p style=\"line-height: 22.5pt; background: white; margin: 12.0pt 0in 6.0pt 0in;\"><span style=\"color: #404040;\">P\u00ebr 62-vje\u00e7arin braktisur nga f\u00ebmij\u00ebt, makina \u00ebsht\u00eb e vetmja streh\u00eb. <\/span><\/p>\n<p style=\"line-height: 22.5pt; background: white; box-sizing: border-box; -webkit-font-smoothing: antialiased; font-variant-ligatures: normal; font-variant-caps: normal; orphans: 2; text-align: start; widows: 2; -webkit-text-stroke-width: 0px; text-decoration-thickness: initial; text-decoration-style: initial; text-decoration-color: initial; word-spacing: 0px; margin: 12.0pt 0in 6.0pt 0in;\"><span style=\"color: #404040;\">Enver Hodaj, prej 13 vitesh jeton si endacak, pasi nuk ka nj\u00eb sht\u00ebpi ku mund t\u00eb strehohet. Ai ka 8 vjet q\u00eb fle n\u00eb makin\u00eb, pavar\u00ebsisht t\u00eb ftohtit n\u00eb dim\u00ebr apo t\u00eb nxehtit n\u00eb ver\u00eb. Dit\u00ebn e p\u00ebrdor si taksi, p\u00ebr t\u00eb nxjerr\u00eb buk\u00ebn e goj\u00ebs dhe nat\u00ebn si sht\u00ebpi.<\/span><\/p>\n<p style=\"line-height: 22.5pt; background: white; box-sizing: border-box; -webkit-font-smoothing: antialiased; font-variant-ligatures: normal; font-variant-caps: normal; orphans: 2; text-align: start; widows: 2; -webkit-text-stroke-width: 0px; text-decoration-thickness: initial; text-decoration-style: initial; text-decoration-color: initial; word-spacing: 0px; margin: 12.0pt 0in 6.0pt 0in;\"><span style=\"color: #404040;\">Me sht\u00ebpin\u00eb e tij l\u00ebviz\u00ebse, Veri si\u00e7 e njohin t\u00eb gjith\u00eb, ngryset ku ta z\u00ebr\u00eb nata. N\u00eb kushtet e pandemis\u00eb, masat mbrojt\u00ebse t\u00eb 62-vje\u00e7arit, jan\u00eb nj\u00eb qese detergjent dhe nj\u00eb bidon me uj\u00eb, nd\u00ebrsa p\u00ebr higjien\u00ebn personale i sh\u00ebrben uji i lumit Vjos\u00eb.<\/span><\/p>\n<p style=\"line-height: 22.5pt; background: white; box-sizing: border-box; -webkit-font-smoothing: antialiased; font-variant-ligatures: normal; font-variant-caps: normal; orphans: 2; text-align: start; widows: 2; -webkit-text-stroke-width: 0px; text-decoration-thickness: initial; text-decoration-style: initial; text-decoration-color: initial; word-spacing: 0px; margin: 12.0pt 0in 6.0pt 0in;\"><span style=\"color: #404040;\">Ai ka 4 f\u00ebmij\u00eb, t\u00eb cil\u00ebt nuk i ka par\u00eb q\u00eb prej 13 vitesh, pas divorcit me ish-bashk\u00ebshorten e tij. Ata jetojn\u00eb n\u00eb Itali dhe Gjermani dhe gjat\u00eb k\u00ebsaj periudhe, nuk kan\u00eb komunikuar asnj\u00ebher\u00eb me t\u00eb atin.<\/span><\/p>\n<p style=\"line-height: 22.5pt; background: white; box-sizing: border-box; -webkit-font-smoothing: antialiased; font-variant-ligatures: normal; font-variant-caps: normal; orphans: 2; text-align: start; widows: 2; -webkit-text-stroke-width: 0px; text-decoration-thickness: initial; text-decoration-style: initial; text-decoration-color: initial; word-spacing: 0px; margin: 12.0pt 0in 6.0pt 0in;\"><span style=\"color: #404040;\">I braktisur nga t\u00eb gjith\u00eb, 62-vje\u00e7ari \u00e7do dit\u00eb ai e nis me shpres\u00ebn se dikush, do ta ndihmoj\u00eb p\u00ebr t\u00eb patur nj\u00eb streh\u00eb mbi krye.<\/span><\/p>","protected":false},"excerpt":{"rendered":"<p>P\u00ebr 62-vje\u00e7arin braktisur nga f\u00ebmij\u00ebt, makina \u00ebsht\u00eb e vetmja streh\u00eb. Enver Hodaj, prej 13 vitesh jeton si endacak, pasi nuk ka nj\u00eb sht\u00ebpi ku mund t\u00eb strehohet. Ai ka 8 vjet q\u00eb fle n\u00eb makin\u00eb, pavar\u00ebsisht t\u00eb ftohtit n\u00eb dim\u00ebr apo t\u00eb nxehtit n\u00eb ver\u00eb. Dit\u00ebn e p\u00ebrdor si taksi, p\u00ebr t\u00eb nxjerr\u00eb buk\u00ebn e [&hellip;]<\/p>\n","protected":false},"author":2016,"featured_media":164758,"comment_status":"closed","ping_status":"closed","sticky":false,"template":"","format":"standard","meta":{"footnotes":""},"categories":[241],"tags":[1396],"class_list":{"0":"post-164756","1":"post","2":"type-post","3":"status-publish","4":"format-standard","5":"has-post-thumbnail","7":"category-aktualitet","8":"tag-lajme-zjarr-62-vjecari-i-braktisur-nga-femijet-zjarr-tv"},"_links":{"self":[{"href":"https:\/\/zjarr.tv\/en\/wp-json\/wp\/v2\/posts\/164756","targetHints":{"allow":["GET"]}}],"collection":[{"href":"https:\/\/zjarr.tv\/en\/wp-json\/wp\/v2\/posts"}],"about":[{"href":"https:\/\/zjarr.tv\/en\/wp-json\/wp\/v2\/types\/post"}],"author":[{"embeddable":true,"href":"https:\/\/zjarr.tv\/en\/wp-json\/wp\/v2\/users\/2016"}],"replies":[{"embeddable":true,"href":"https:\/\/zjarr.tv\/en\/wp-json\/wp\/v2\/comments?post=164756"}],"version-history":[{"count":0,"href":"https:\/\/zjarr.tv\/en\/wp-json\/wp\/v2\/posts\/164756\/revisions"}],"wp:featuredmedia":[{"embeddable":true,"href":"https:\/\/zjarr.tv\/en\/wp-json\/wp\/v2\/media\/164758"}],"wp:attachment":[{"href":"https:\/\/zjarr.tv\/en\/wp-json\/wp\/v2\/media?parent=164756"}],"wp:term":[{"taxonomy":"category","embeddable":true,"href":"https:\/\/zjarr.tv\/en\/wp-json\/wp\/v2\/categories?post=164756"},{"taxonomy":"post_tag","embeddable":true,"href":"https:\/\/zjarr.tv\/en\/wp-json\/wp\/v2\/tags?post=164756"}],"curies":[{"name":"wp","href":"https:\/\/api.w.org\/{rel}","templated":true}]}}