{"id":168728,"date":"2021-03-15T09:25:09","date_gmt":"2021-03-15T08:25:09","guid":{"rendered":"https:\/\/zjarr.tv\/?p=168728"},"modified":"2021-03-15T09:25:09","modified_gmt":"2021-03-15T08:25:09","slug":"lulzim-basha-shqiperia-ka-vdekshmerine-me-te-larte-te-mjekeve-ne-europe","status":"publish","type":"post","link":"https:\/\/zjarr.tv\/en\/lulzim-basha-shqiperia-ka-vdekshmerine-me-te-larte-te-mjekeve-ne-europe\/","title":{"rendered":"Lulzim Basha: Shqip\u00ebria ka vdekshm\u00ebrin\u00eb m\u00eb t\u00eb lart\u00eb t\u00eb mjek\u00ebve n\u00eb Europ\u00eb\u2026"},"content":{"rendered":"<p style=\"line-height: 17.65pt; vertical-align: baseline;\"><span style=\"color: #464343;\">Nd\u00ebrkoh\u00eb q\u00eb na ndajn\u00eb 40 dit\u00eb nga zgjedhjet e 25 prillit, lideri demokrat Lulzim Basha, vijon me akuzat ndaj qeveris\u00eb Rama.<\/span><\/p>\n<p style=\"line-height: 17.65pt; vertical-align: baseline;\"><span style=\"color: #464343;\">N\u00ebp\u00ebrmjet nj\u00eb postimi n\u00eb \u201cInstagram\u201d, kryedemokrati shtron pyetjen: \u201cSi ka qen\u00eb vdekshm\u00ebria e mjek\u00ebve q\u00eb ka krijuar pandemia n\u00eb Shqip\u00ebri n\u00eb krahasim me vendet e Europ\u00ebs?<\/span><\/p>\n<p style=\"line-height: 17.65pt; vertical-align: baseline;\"><span style=\"color: #464343;\">Basha publikon grafikun dhe shkruan se Shqip\u00ebria ka vdekshm\u00ebrin\u00eb m\u00eb t\u00eb lart\u00eb t\u00eb mjek\u00ebve n\u00eb Europ\u00eb. M\u00eb tej ai thekson se ky \u00ebsht\u00eb nj\u00eb fakt, q\u00eb shton akoma m\u00eb shum\u00eb d\u00ebshtimet e Ram\u00ebs n\u00eb tet\u00eb vjet qeverisje.<\/span><\/p>","protected":false},"excerpt":{"rendered":"<p>Nd\u00ebrkoh\u00eb q\u00eb na ndajn\u00eb 40 dit\u00eb nga zgjedhjet e 25 prillit, lideri demokrat Lulzim Basha, vijon me akuzat ndaj qeveris\u00eb Rama. N\u00ebp\u00ebrmjet nj\u00eb postimi n\u00eb \u201cInstagram\u201d, kryedemokrati shtron pyetjen: \u201cSi ka qen\u00eb vdekshm\u00ebria e mjek\u00ebve q\u00eb ka krijuar pandemia n\u00eb Shqip\u00ebri n\u00eb krahasim me vendet e Europ\u00ebs? Basha publikon grafikun dhe shkruan se Shqip\u00ebria ka [&hellip;]<\/p>\n","protected":false},"author":2016,"featured_media":168730,"comment_status":"closed","ping_status":"closed","sticky":false,"template":"","format":"standard","meta":{"footnotes":""},"categories":[241],"tags":[1775],"class_list":{"0":"post-168728","1":"post","2":"type-post","3":"status-publish","4":"format-standard","5":"has-post-thumbnail","7":"category-aktualitet","8":"tag-lajme-zjarr-basha-shqiperia-ka-vdekshmerine-me-te-larte-zjarr-tv"},"_links":{"self":[{"href":"https:\/\/zjarr.tv\/en\/wp-json\/wp\/v2\/posts\/168728","targetHints":{"allow":["GET"]}}],"collection":[{"href":"https:\/\/zjarr.tv\/en\/wp-json\/wp\/v2\/posts"}],"about":[{"href":"https:\/\/zjarr.tv\/en\/wp-json\/wp\/v2\/types\/post"}],"author":[{"embeddable":true,"href":"https:\/\/zjarr.tv\/en\/wp-json\/wp\/v2\/users\/2016"}],"replies":[{"embeddable":true,"href":"https:\/\/zjarr.tv\/en\/wp-json\/wp\/v2\/comments?post=168728"}],"version-history":[{"count":0,"href":"https:\/\/zjarr.tv\/en\/wp-json\/wp\/v2\/posts\/168728\/revisions"}],"wp:featuredmedia":[{"embeddable":true,"href":"https:\/\/zjarr.tv\/en\/wp-json\/wp\/v2\/media\/168730"}],"wp:attachment":[{"href":"https:\/\/zjarr.tv\/en\/wp-json\/wp\/v2\/media?parent=168728"}],"wp:term":[{"taxonomy":"category","embeddable":true,"href":"https:\/\/zjarr.tv\/en\/wp-json\/wp\/v2\/categories?post=168728"},{"taxonomy":"post_tag","embeddable":true,"href":"https:\/\/zjarr.tv\/en\/wp-json\/wp\/v2\/tags?post=168728"}],"curies":[{"name":"wp","href":"https:\/\/api.w.org\/{rel}","templated":true}]}}