{"id":168731,"date":"2021-03-15T09:36:54","date_gmt":"2021-03-15T08:36:54","guid":{"rendered":"https:\/\/zjarr.tv\/?p=168731"},"modified":"2021-03-15T09:36:54","modified_gmt":"2021-03-15T08:36:54","slug":"me-parashute-blendi-klosi-kerkon-mandatin-e-ardhshem","status":"publish","type":"post","link":"https:\/\/zjarr.tv\/en\/me-parashute-blendi-klosi-kerkon-mandatin-e-ardhshem\/","title":{"rendered":"Me parashut\u00eb Blendi Klosi k\u00ebrkon mandatin e ardhsh\u00ebm\u2026"},"content":{"rendered":"<p>Ministri i Turizmit dhe Mjedisit Blendi Klosi, ka prezantuar programin e turizmit, n\u00eb qytetin ku ai \u00ebsht\u00eb drejtues politik, n\u00eb Berat.<\/p>\n<p>Me parashut\u00eb mbi Berat, Klosi ka treguar ndryshimin e gjith\u00eb qytetit dhe po ashtu premton se Unaza e re q\u00eb kalon p\u00ebrmes Beratit, do ta shnd\u00ebrroj\u00eb qytetin n\u00eb n\u00eb nj\u00eb vend pa ndotje dhe pa trafikun e r\u00ebnduar.<\/p>\n<p><em style=\"font-weight: inherit;\"> \u201cNga \u201cBerati Open Air\u201d, ku qytetin mund ta shoh\u00ebsh n\u00eb t\u00eb gjitha dimensionet e tij, n\u00eb t\u00eb gjitha pasurit e tij, vlerat historike, kulturore dhe agro-turistike si dhe investimet e reja nj\u00eb vler\u00eb e shtuar urbane e k\u00ebtij qyteti muzeal. #smilealbania #beratieardhmjajon\u00eb\u201d<\/em>, \u2013 k\u00ebshtu shkruan Blendi Klosi.<\/p>","protected":false},"excerpt":{"rendered":"<p>Ministri i Turizmit dhe Mjedisit Blendi Klosi, ka prezantuar programin e turizmit, n\u00eb qytetin ku ai \u00ebsht\u00eb drejtues politik, n\u00eb Berat. Me parashut\u00eb mbi Berat, Klosi ka treguar ndryshimin e gjith\u00eb qytetit dhe po ashtu premton se Unaza e re q\u00eb kalon p\u00ebrmes Beratit, do ta shnd\u00ebrroj\u00eb qytetin n\u00eb n\u00eb nj\u00eb vend pa ndotje dhe [&hellip;]<\/p>\n","protected":false},"author":2016,"featured_media":168733,"comment_status":"closed","ping_status":"closed","sticky":false,"template":"","format":"standard","meta":{"footnotes":""},"categories":[241,1454],"tags":[1776],"class_list":{"0":"post-168731","1":"post","2":"type-post","3":"status-publish","4":"format-standard","5":"has-post-thumbnail","7":"category-aktualitet","8":"category-politike","9":"tag-lajme-zjarr-klosi-kerkon-mandatin-e-ardhshem-zjarr-tv"},"_links":{"self":[{"href":"https:\/\/zjarr.tv\/en\/wp-json\/wp\/v2\/posts\/168731","targetHints":{"allow":["GET"]}}],"collection":[{"href":"https:\/\/zjarr.tv\/en\/wp-json\/wp\/v2\/posts"}],"about":[{"href":"https:\/\/zjarr.tv\/en\/wp-json\/wp\/v2\/types\/post"}],"author":[{"embeddable":true,"href":"https:\/\/zjarr.tv\/en\/wp-json\/wp\/v2\/users\/2016"}],"replies":[{"embeddable":true,"href":"https:\/\/zjarr.tv\/en\/wp-json\/wp\/v2\/comments?post=168731"}],"version-history":[{"count":0,"href":"https:\/\/zjarr.tv\/en\/wp-json\/wp\/v2\/posts\/168731\/revisions"}],"wp:featuredmedia":[{"embeddable":true,"href":"https:\/\/zjarr.tv\/en\/wp-json\/wp\/v2\/media\/168733"}],"wp:attachment":[{"href":"https:\/\/zjarr.tv\/en\/wp-json\/wp\/v2\/media?parent=168731"}],"wp:term":[{"taxonomy":"category","embeddable":true,"href":"https:\/\/zjarr.tv\/en\/wp-json\/wp\/v2\/categories?post=168731"},{"taxonomy":"post_tag","embeddable":true,"href":"https:\/\/zjarr.tv\/en\/wp-json\/wp\/v2\/tags?post=168731"}],"curies":[{"name":"wp","href":"https:\/\/api.w.org\/{rel}","templated":true}]}}