{"id":169573,"date":"2021-03-20T13:00:58","date_gmt":"2021-03-20T12:00:58","guid":{"rendered":"https:\/\/zjarr.tv\/?p=169573"},"modified":"2021-03-20T13:00:58","modified_gmt":"2021-03-20T12:00:58","slug":"gezuar-ditelindjen-teatri-kombetar-eksperimental-shekullofsh","status":"publish","type":"post","link":"https:\/\/zjarr.tv\/en\/gezuar-ditelindjen-teatri-kombetar-eksperimental-shekullofsh\/","title":{"rendered":"G\u00ebzuar Dit\u00eblindjen Teatri Komb\u00ebtar Eksperimental. SHEKULLOFSH!"},"content":{"rendered":"<p>P\u00ebrmes krah\u00ebve t\u00eb nj\u00eb shelgu pam\u00eb H\u00ebn\u00ebn q\u00eb shkroi mbi lum\u00eb: Teatri Komb\u00ebtar Eksperimental &#8220;Kujtim Spahivogli&#8221;. Ishte 20 mars 2014. Thon\u00eb q\u00eb kur mbush shtat\u00eb vjet bashk\u00eb, b\u00ebhesh nj\u00eb familje.<br \/>\nFamilja jone ishte dhe \u00ebsht\u00eb e ngrohte. Zogjt\u00eb e saj dhe H\u00ebna flok\u00ebl\u00ebshuar rendin n\u00ebp\u00ebr skena q\u00eb me sqepat e tyre bukur i ngrit\u00ebn.<br \/>\nSot dora e elegante e H\u00ebnes duke na p\u00ebrkedhelur supet do t\u00eb na kendoj k\u00ebng\u00ebn e dit\u00eblindjes, se k\u00ebto shtat\u00eb vite ne kemi b\u00ebr\u00eb udh\u00ebn e H\u00ebn\u00ebs.<br \/>\nB\u00ebm\u00eb gj\u00ebra te jasht\u00ebzakonshme. Krijuam pa buxhete zyrtare 4 salla t\u00eb reja, t\u00eb mesme dhe t\u00eb vogla, sepse ne gjithe bot\u00ebn pjesa m\u00eb e shqet\u00ebsuar e krijimit modern teatror zhvillohet n\u00eb k\u00ebto lloj sallash.<br \/>\nNe shtat\u00eb vjet harrit\u00ebm te b\u00ebnim 2100 shfaqie ngado n\u00ebp\u00ebr Shqip\u00ebri, realizuam mbi 100 premiera. Qindra krijues dhe interpretues,kryesisht t\u00eb rinj, punuan n\u00eb TKE. Vet\u00ebm regjisor t\u00eb huaj ishin 12, shumica e t\u00eb cileve t\u00eb klasit t\u00eb lart\u00eb, duke b\u00ebr\u00eb q\u00eb emri i TKE t\u00eb d\u00ebgjohet e t\u00eb shkruhet n\u00ebp\u00ebr bot\u00eb edhe kur ne t\u00eb mos jemi m\u00eb mbi dhe.<br \/>\nNgrit\u00ebm nj\u00eb<br \/>\nnga krenarit\u00eb tona, teatrin e f\u00ebmij\u00ebve, krijuam Teatrin e adoleshent\u00ebve, ngrit\u00ebm Teatrin e Universitetit t\u00eb Arteve ku dhjet\u00ebra petagog\u00eb e student\u00eb luanin s\u00ebbashku n\u00eb skenat e TKE. Hap\u00ebm dyert si rrall\u00ebher\u00eb per sken\u00ebn e pavarur. Botuam libra luksoz\u00eb te domosdosh\u00ebm nga mendimi bot\u00ebror p\u00ebr teatrin. Dhe ajo q\u00eb na b\u00ebn krenar\u00eb jo vet\u00ebm n\u00eb Shqip\u00ebri por deri perpara Zotit, krijuesit t\u00eb Teatrit, \u00ebsht\u00eb shnd\u00ebrrimi i Teatrit Kombetar nga ambiente me nj\u00eb salle n\u00eb QYTEZEN TEATRORE TE TEATROVE KOMBETARE ME 6 SALLA. Nd\u00ebrkoh\u00eb kishim projektuar dhe t\u00eb shtat\u00ebn.<br \/>\nKrenohemi me ngritjen e shkoll\u00ebs eksperimentale t\u00eb teatrit ne t\u00eb cil\u00ebn m\u00ebsohet duke krijuar. Madje nuk \u00ebsht\u00eb shkoll\u00eb q\u00eb e paguan, por qe t\u00eb paguan. N\u00eb k\u00ebto shtat\u00eb vjet treguam se artisti duhet t\u00eb jete i guximsh\u00ebm.Jemi t\u00eb lumtur q\u00eb b\u00ebjm\u00eb pun\u00ebn q\u00eb duam. Jemi te lumtur q\u00eb ndihmuam n\u00eb zhvillimin e teatrit n\u00eb vendin ton\u00eb dhe krijuam elit\u00ebn e re teatrore. \u00cbsht\u00eb e v\u00ebrtet\u00eb q\u00eb teatri ne Shqip\u00ebri \u00ebsht\u00eb n\u00eb kriz\u00eb, por \u00ebsht\u00eb po kaq e v\u00ebrtet se ne kemi sot individualitete artistike me t\u00eb fort\u00eb se m\u00eb par\u00eb. B\u00ebm\u00eb zgjedhje t\u00eb guxim\u00ebshme t\u00eb repertorit. I q\u00ebndruam larg politikes se sh\u00ebmtuar duke q\u00ebndruar ne trotuarin p\u00ebrball\u00eb. Treguam se skena politike nuk e ka fuqin\u00eb e sken\u00ebs s\u00eb teatrit. Politikan\u00ebt na kan\u00eb zili ne, jo ne politikanet. Luftuam si teat\u00ebr lider dhe mbet\u00ebm lider. Ec\u00ebm p\u00ebrpara dhe nuk u grind\u00ebm duke th\u00ebn\u00eb &#8220;nuk kemi lek\u00eb&#8221;.<br \/>\nNatyrisht nuk e shp\u00ebtuam dot komunitetin teatror nga lufta me vetveten.<br \/>\nPor nuk do mposhtemi nga kjo. Perandoria e ftoht\u00eb e dimrit nuk do t\u00eb na ngrije dot. Drita e H\u00ebn\u00ebs do t\u00eb na e ngroh\u00eb shpirtin. Faleminderit t\u00eb gjith\u00ebve q\u00eb na mb\u00ebshtet\u00ebn.<br \/>\nG\u00ebzuar Dit\u00eblindjen Teatri Komb\u00ebtar Eksperimental. SHEKULLOFSH!<\/p>","protected":false},"excerpt":{"rendered":"<p>P\u00ebrmes krah\u00ebve t\u00eb nj\u00eb shelgu pam\u00eb H\u00ebn\u00ebn q\u00eb shkroi mbi lum\u00eb: Teatri Komb\u00ebtar Eksperimental &#8220;Kujtim Spahivogli&#8221;. Ishte 20 mars 2014. Thon\u00eb q\u00eb kur mbush shtat\u00eb vjet bashk\u00eb, b\u00ebhesh nj\u00eb familje. Familja jone ishte dhe \u00ebsht\u00eb e ngrohte. Zogjt\u00eb e saj dhe H\u00ebna flok\u00ebl\u00ebshuar rendin n\u00ebp\u00ebr skena q\u00eb me sqepat e tyre bukur i ngrit\u00ebn. Sot [&hellip;]<\/p>\n","protected":false},"author":2031,"featured_media":169574,"comment_status":"closed","ping_status":"closed","sticky":false,"template":"","format":"standard","meta":{"footnotes":""},"categories":[337],"tags":[],"class_list":{"0":"post-169573","1":"post","2":"type-post","3":"status-publish","4":"format-standard","5":"has-post-thumbnail","7":"category-kulture"},"_links":{"self":[{"href":"https:\/\/zjarr.tv\/en\/wp-json\/wp\/v2\/posts\/169573","targetHints":{"allow":["GET"]}}],"collection":[{"href":"https:\/\/zjarr.tv\/en\/wp-json\/wp\/v2\/posts"}],"about":[{"href":"https:\/\/zjarr.tv\/en\/wp-json\/wp\/v2\/types\/post"}],"author":[{"embeddable":true,"href":"https:\/\/zjarr.tv\/en\/wp-json\/wp\/v2\/users\/2031"}],"replies":[{"embeddable":true,"href":"https:\/\/zjarr.tv\/en\/wp-json\/wp\/v2\/comments?post=169573"}],"version-history":[{"count":0,"href":"https:\/\/zjarr.tv\/en\/wp-json\/wp\/v2\/posts\/169573\/revisions"}],"wp:featuredmedia":[{"embeddable":true,"href":"https:\/\/zjarr.tv\/en\/wp-json\/wp\/v2\/media\/169574"}],"wp:attachment":[{"href":"https:\/\/zjarr.tv\/en\/wp-json\/wp\/v2\/media?parent=169573"}],"wp:term":[{"taxonomy":"category","embeddable":true,"href":"https:\/\/zjarr.tv\/en\/wp-json\/wp\/v2\/categories?post=169573"},{"taxonomy":"post_tag","embeddable":true,"href":"https:\/\/zjarr.tv\/en\/wp-json\/wp\/v2\/tags?post=169573"}],"curies":[{"name":"wp","href":"https:\/\/api.w.org\/{rel}","templated":true}]}}