{"id":173944,"date":"2021-04-01T16:51:36","date_gmt":"2021-04-01T14:51:36","guid":{"rendered":"https:\/\/zjarr.tv\/?p=173944"},"modified":"2021-04-01T16:51:36","modified_gmt":"2021-04-01T14:51:36","slug":"kryemadhi-takon-ambasadorin-e-njohur-kush-eshte-diplomati-qe-do-te-monitoroje-zgjedhjet-ne-elbasan","status":"publish","type":"post","link":"https:\/\/zjarr.tv\/en\/kryemadhi-takon-ambasadorin-e-njohur-kush-eshte-diplomati-qe-do-te-monitoroje-zgjedhjet-ne-elbasan\/","title":{"rendered":"Kryemadhi takon ambasadorin e njohur, kush \u00ebsht\u00eb diplomati q\u00eb do t\u00eb monitoroj\u00eb zgjedhjet n\u00eb Elbasan"},"content":{"rendered":"<p>Kryetarja e LSI Monika Kryemadhi ka zhvilluar sot nj\u00eb takim me ambasadorin britanik Duncan Norman.<\/p>\n<p>Sipas njoftimit q\u00eb jep vet\u00eb Kryemadhi n\u00eb rrjete sociale, Norman do t\u00eb monitoroj\u00eb mbar\u00ebvatjen e zgjedhjeve t\u00eb 25 prillit n\u00eb qytetin e Elbasanit.<\/p>\n<p>\u201c<em>N\u00ebn atmosfer\u00ebn e ngroht\u00eb t\u00eb zyrave t\u00eb LSI n\u00eb Elbasan, pata sot k\u00ebnaq\u00ebsin\u00eb t\u00eb mikprisja Ambasadorin Britanik, i cili do t\u00eb gjendet n\u00eb Elbasan edhe n\u00eb dit\u00ebn e zgjedhjeve p\u00ebr t\u00eb monitoruar nga af\u00ebr nj\u00eb mbar\u00ebvajtje sa m\u00eb t\u00eb qet\u00eb t\u00eb procesit zgjedhor m\u00eb 25 prill<\/em>.\u201d \u2013shkruan Kryemadhi n\u00eb Facebook.<\/p>\n<p>Kujtojm\u00eb q\u00eb vet\u00eb Kryemadhi p\u00ebrve\u00e7 Tiran\u00ebs dhe Durr\u00ebsit, do t\u00eb kandidoj\u00eb edhe n\u00eb Elbasan.<\/p>","protected":false},"excerpt":{"rendered":"<p>Kryetarja e LSI Monika Kryemadhi ka zhvilluar sot nj\u00eb takim me ambasadorin britanik Duncan Norman. Sipas njoftimit q\u00eb jep vet\u00eb Kryemadhi n\u00eb rrjete sociale, Norman do t\u00eb monitoroj\u00eb mbar\u00ebvatjen e zgjedhjeve t\u00eb 25 prillit n\u00eb qytetin e Elbasanit. \u201cN\u00ebn atmosfer\u00ebn e ngroht\u00eb t\u00eb zyrave t\u00eb LSI n\u00eb Elbasan, pata sot k\u00ebnaq\u00ebsin\u00eb t\u00eb mikprisja Ambasadorin Britanik, [&hellip;]<\/p>\n","protected":false},"author":2030,"featured_media":173945,"comment_status":"closed","ping_status":"closed","sticky":false,"template":"","format":"standard","meta":{"footnotes":""},"categories":[241,1454],"tags":[],"class_list":{"0":"post-173944","1":"post","2":"type-post","3":"status-publish","4":"format-standard","5":"has-post-thumbnail","7":"category-aktualitet","8":"category-politike"},"_links":{"self":[{"href":"https:\/\/zjarr.tv\/en\/wp-json\/wp\/v2\/posts\/173944","targetHints":{"allow":["GET"]}}],"collection":[{"href":"https:\/\/zjarr.tv\/en\/wp-json\/wp\/v2\/posts"}],"about":[{"href":"https:\/\/zjarr.tv\/en\/wp-json\/wp\/v2\/types\/post"}],"author":[{"embeddable":true,"href":"https:\/\/zjarr.tv\/en\/wp-json\/wp\/v2\/users\/2030"}],"replies":[{"embeddable":true,"href":"https:\/\/zjarr.tv\/en\/wp-json\/wp\/v2\/comments?post=173944"}],"version-history":[{"count":0,"href":"https:\/\/zjarr.tv\/en\/wp-json\/wp\/v2\/posts\/173944\/revisions"}],"wp:featuredmedia":[{"embeddable":true,"href":"https:\/\/zjarr.tv\/en\/wp-json\/wp\/v2\/media\/173945"}],"wp:attachment":[{"href":"https:\/\/zjarr.tv\/en\/wp-json\/wp\/v2\/media?parent=173944"}],"wp:term":[{"taxonomy":"category","embeddable":true,"href":"https:\/\/zjarr.tv\/en\/wp-json\/wp\/v2\/categories?post=173944"},{"taxonomy":"post_tag","embeddable":true,"href":"https:\/\/zjarr.tv\/en\/wp-json\/wp\/v2\/tags?post=173944"}],"curies":[{"name":"wp","href":"https:\/\/api.w.org\/{rel}","templated":true}]}}