{"id":173949,"date":"2021-04-01T17:05:13","date_gmt":"2021-04-01T15:05:13","guid":{"rendered":"https:\/\/zjarr.tv\/?p=173949"},"modified":"2021-04-01T17:05:13","modified_gmt":"2021-04-01T15:05:13","slug":"komiteti-i-eksperteve-merr-vendimin-ja-deri-kur-do-te-ndalohen-grumbullimet","status":"publish","type":"post","link":"https:\/\/zjarr.tv\/en\/komiteti-i-eksperteve-merr-vendimin-ja-deri-kur-do-te-ndalohen-grumbullimet\/","title":{"rendered":"Komiteti i Ekspert\u00ebve merr vendimin: Ja deri kur do t\u00eb ndalohen grumbullimet"},"content":{"rendered":"<p>Ndalimi i grumbullimeve n\u00eb vendet e mbyllura dhe t\u00eb hapura do t\u00eb shtyhet deri m\u00eb dat\u00eb 8 prill.<\/p>\n<p>Qeveria ka vendosur q\u00eb ky vendim do t\u00eb shtyhet p\u00ebr k\u00ebt\u00eb dat\u00eb, deri n\u00eb nj\u00eb vendim t\u00eb dyt\u00eb.<\/p>\n<p>N\u00eb rregullat e vendosura nga qeveria p\u00ebr frenimin e pandemis\u00eb, afati p\u00ebr k\u00ebt\u00eb kufizim ishte 25 marsi, por tashm\u00eb \u00ebsht\u00eb z\u00ebvend\u00ebsuar me togfjal\u00ebshin \u201cderi n\u00eb dat\u00ebn 8.4.2021\u201d.<\/p>\n<p>Kujtojm\u00eb se dit\u00ebn e djeshme Komiteti Teknik i Ekspert\u00ebve lajm\u00ebroi se n\u00eb vend do t\u00eb vijojn\u00eb t\u00eb mbeten n\u00eb fuqi deri n\u00eb nj\u00eb afat t\u00eb pacaktuar t\u00eb nj\u00ebjtat masa, p\u00ebrve\u00e7 maturant\u00ebve, t\u00eb cil\u00ebt u rikthyen n\u00ebp\u00ebr klasa.<\/p>","protected":false},"excerpt":{"rendered":"<p>Ndalimi i grumbullimeve n\u00eb vendet e mbyllura dhe t\u00eb hapura do t\u00eb shtyhet deri m\u00eb dat\u00eb 8 prill. Qeveria ka vendosur q\u00eb ky vendim do t\u00eb shtyhet p\u00ebr k\u00ebt\u00eb dat\u00eb, deri n\u00eb nj\u00eb vendim t\u00eb dyt\u00eb. N\u00eb rregullat e vendosura nga qeveria p\u00ebr frenimin e pandemis\u00eb, afati p\u00ebr k\u00ebt\u00eb kufizim ishte 25 marsi, por tashm\u00eb [&hellip;]<\/p>\n","protected":false},"author":2030,"featured_media":173950,"comment_status":"closed","ping_status":"closed","sticky":false,"template":"","format":"standard","meta":{"footnotes":""},"categories":[241],"tags":[],"class_list":{"0":"post-173949","1":"post","2":"type-post","3":"status-publish","4":"format-standard","5":"has-post-thumbnail","7":"category-aktualitet"},"_links":{"self":[{"href":"https:\/\/zjarr.tv\/en\/wp-json\/wp\/v2\/posts\/173949","targetHints":{"allow":["GET"]}}],"collection":[{"href":"https:\/\/zjarr.tv\/en\/wp-json\/wp\/v2\/posts"}],"about":[{"href":"https:\/\/zjarr.tv\/en\/wp-json\/wp\/v2\/types\/post"}],"author":[{"embeddable":true,"href":"https:\/\/zjarr.tv\/en\/wp-json\/wp\/v2\/users\/2030"}],"replies":[{"embeddable":true,"href":"https:\/\/zjarr.tv\/en\/wp-json\/wp\/v2\/comments?post=173949"}],"version-history":[{"count":0,"href":"https:\/\/zjarr.tv\/en\/wp-json\/wp\/v2\/posts\/173949\/revisions"}],"wp:featuredmedia":[{"embeddable":true,"href":"https:\/\/zjarr.tv\/en\/wp-json\/wp\/v2\/media\/173950"}],"wp:attachment":[{"href":"https:\/\/zjarr.tv\/en\/wp-json\/wp\/v2\/media?parent=173949"}],"wp:term":[{"taxonomy":"category","embeddable":true,"href":"https:\/\/zjarr.tv\/en\/wp-json\/wp\/v2\/categories?post=173949"},{"taxonomy":"post_tag","embeddable":true,"href":"https:\/\/zjarr.tv\/en\/wp-json\/wp\/v2\/tags?post=173949"}],"curies":[{"name":"wp","href":"https:\/\/api.w.org\/{rel}","templated":true}]}}