{"id":173977,"date":"2021-04-02T07:35:40","date_gmt":"2021-04-02T05:35:40","guid":{"rendered":"https:\/\/zjarr.tv\/?p=173977"},"modified":"2021-04-02T07:36:23","modified_gmt":"2021-04-02T05:36:23","slug":"lulzim-basha-edi-rama-e-refuzoi-perballjen-jam-i-gatshem-per-debat-publik","status":"publish","type":"post","link":"https:\/\/zjarr.tv\/en\/lulzim-basha-edi-rama-e-refuzoi-perballjen-jam-i-gatshem-per-debat-publik\/","title":{"rendered":"Lulzim Basha: Edi Rama e refuzoi p\u00ebrballjen, jam i gatsh\u00ebm p\u00ebr debat publik\u2026"},"content":{"rendered":"<p>Lideri demokrat Lulzim Basha, mbr\u00ebmjen e djeshme ishte i ftuar n\u00eb emisionin \u201cOpinion\u201d, p\u00ebrball\u00eb gazetarit Blendi Fevziu. Kreu demokrat, u shpreh s\u2019e \u00ebsht\u00eb i gatsh\u00ebm t\u00eb dal\u00eb n\u00eb nj\u00eb debat publik, me Kryeministrin Edi Rama.<\/p>\n<p>Por, pavar\u00ebsisht s\u2019e kryesocialisti e refuzoi debatin nj\u00eb jav\u00eb m\u00eb par\u00eb, n\u00eb studion e \u201cOpinion\u201d, Basha tha se \u00ebsht\u00eb detyrim i Kryeministrit ndaj qytetar\u00ebve, q\u00eb t\u00eb dal\u00eb n\u00eb debat publik.<\/p>\n<p><strong style=\"font-style: inherit;\">Pjes\u00eb nga diskutimi n\u00eb studio:<\/strong><\/p>\n<p>Fevziu: Jeni apo nuk jeni i gatsh\u00ebm q\u00eb t\u00eb dilni n\u00eb nj\u00eb debat publik me zotin Rama?<\/p>\n<p>Basha: \u00a0Ju e dini fare mir\u00eb q\u00eb ka q\u00eb n\u00eb vitin 2006 q\u00eb un\u00eb e ftoj Ram\u00ebn n\u00eb debat publik. Kjo nuk \u00ebsht\u00eb \u00e7\u00ebshtje mes meje dhe tij, \u00ebsht\u00eb nj\u00eb detyrim para qytetar\u00ebve ve\u00e7an\u00ebrisht para zgjedhjeve, q\u00eb ata q\u00eb k\u00ebrkojn\u00eb p\u00ebrgjegj\u00ebsin\u00eb e qeverisjes t\u00eb b\u00ebjn\u00eb debat. Ai q\u00eb ka 8 vjet q\u00eb qeveris e ka p\u00ebr detyr\u00eb t\u00eb tregoj\u00eb \u00e7far\u00eb ka b\u00ebr\u00eb n\u00eb 8 vite. S\u2019ka b\u00ebr\u00eb asgj\u00eb.<\/p>\n<p>Fevziu: P\u00ebrgjigja \u00ebsht\u00eb q\u00eb ju jeni i gatsh\u00ebm t\u00eb p\u00ebrballeni?<\/p>\n<p>Basha: Tregoni toleranc\u00eb me mua si\u00e7 tregoni me kund\u00ebrshtarin tim.<\/p>\n<p>Fevziu: Mos e tepro! Je shum\u00eb komod n\u00eb raport me kund\u00ebrshtarin.<\/p>\n<p>Basha: E more p\u00ebrgjigjen n\u00eb pyetjen e par\u00eb, m\u00eb lejo t\u00eb mbaroj p\u00ebrgjigjen. Jo vet\u00ebm q\u00eb jam i gatsh\u00ebm, por \u00ebsht\u00eb detyrim i tij t\u00eb vij\u00eb n\u00eb debat e t\u2019u thot\u00eb shqiptar\u00ebve p\u00ebrse k\u00ebrkon nj\u00eb mandat t\u00eb tret\u00eb. \u00cbsht\u00eb detyrimi im t\u2019u them qytetar\u00ebve \u00e7far\u00eb zotohem un\u00eb t\u00eb b\u00ebj p\u00ebr ta.<\/p>\n<p>&nbsp;<\/p>","protected":false},"excerpt":{"rendered":"<p>Lideri demokrat Lulzim Basha, mbr\u00ebmjen e djeshme ishte i ftuar n\u00eb emisionin \u201cOpinion\u201d, p\u00ebrball\u00eb gazetarit Blendi Fevziu. Kreu demokrat, u shpreh s\u2019e \u00ebsht\u00eb i gatsh\u00ebm t\u00eb dal\u00eb n\u00eb nj\u00eb debat publik, me Kryeministrin Edi Rama. Por, pavar\u00ebsisht s\u2019e kryesocialisti e refuzoi debatin nj\u00eb jav\u00eb m\u00eb par\u00eb, n\u00eb studion e \u201cOpinion\u201d, Basha tha se \u00ebsht\u00eb detyrim [&hellip;]<\/p>\n","protected":false},"author":2016,"featured_media":173979,"comment_status":"closed","ping_status":"closed","sticky":false,"template":"","format":"standard","meta":{"footnotes":""},"categories":[241,1454],"tags":[2060],"class_list":{"0":"post-173977","1":"post","2":"type-post","3":"status-publish","4":"format-standard","5":"has-post-thumbnail","7":"category-aktualitet","8":"category-politike","9":"tag-lajme-zjarr-basha-rama-e-refuzoi-perballjen-zjarr-tv"},"_links":{"self":[{"href":"https:\/\/zjarr.tv\/en\/wp-json\/wp\/v2\/posts\/173977","targetHints":{"allow":["GET"]}}],"collection":[{"href":"https:\/\/zjarr.tv\/en\/wp-json\/wp\/v2\/posts"}],"about":[{"href":"https:\/\/zjarr.tv\/en\/wp-json\/wp\/v2\/types\/post"}],"author":[{"embeddable":true,"href":"https:\/\/zjarr.tv\/en\/wp-json\/wp\/v2\/users\/2016"}],"replies":[{"embeddable":true,"href":"https:\/\/zjarr.tv\/en\/wp-json\/wp\/v2\/comments?post=173977"}],"version-history":[{"count":0,"href":"https:\/\/zjarr.tv\/en\/wp-json\/wp\/v2\/posts\/173977\/revisions"}],"wp:featuredmedia":[{"embeddable":true,"href":"https:\/\/zjarr.tv\/en\/wp-json\/wp\/v2\/media\/173979"}],"wp:attachment":[{"href":"https:\/\/zjarr.tv\/en\/wp-json\/wp\/v2\/media?parent=173977"}],"wp:term":[{"taxonomy":"category","embeddable":true,"href":"https:\/\/zjarr.tv\/en\/wp-json\/wp\/v2\/categories?post=173977"},{"taxonomy":"post_tag","embeddable":true,"href":"https:\/\/zjarr.tv\/en\/wp-json\/wp\/v2\/tags?post=173977"}],"curies":[{"name":"wp","href":"https:\/\/api.w.org\/{rel}","templated":true}]}}