{"id":173980,"date":"2021-04-02T07:45:22","date_gmt":"2021-04-02T05:45:22","guid":{"rendered":"https:\/\/zjarr.tv\/?p=173980"},"modified":"2021-04-02T07:45:46","modified_gmt":"2021-04-02T05:45:46","slug":"qeveria-rrit-pensionet-me-2-7-pak-jave-para-zgjedhjeve","status":"publish","type":"post","link":"https:\/\/zjarr.tv\/en\/qeveria-rrit-pensionet-me-2-7-pak-jave-para-zgjedhjeve\/","title":{"rendered":"Qeveria rrit pensionet me 2.7% , pak jav\u00eb para zgjedhjeve\u2026"},"content":{"rendered":"<p>Pak para zgjedhjeve Parlamentare t\u00eb 25 Prillit, qeveria ka vendosur t\u00eb rris\u00eb pensionet me 2.7% p\u00ebr 700 mij\u00eb pensionist\u00eb. K\u00ebshilli i Ministrave me propozim t\u00eb Ministris\u00eb s\u00eb Financave dhe Ekonomis\u00eb, ka miratuar n\u00eb mbledhjen e radh\u00ebs vendimin \u201cP\u00ebr indeksimin e pensioneve dhe baz\u00ebs s\u00eb vler\u00ebsuar\u201d.<\/p>\n<p>Sipas p\u00ebrllogaritjeve, jan\u00eb mesatarisht 390 lek\u00eb n\u00eb muaj, plus p\u00ebr pensionin minimal dhe 780 lek\u00eb plus p\u00ebr pensionin maksimal. Me zbatimin e k\u00ebtij vendimi, ngarkohet Instituti i Sigurimeve Shoq\u00ebrore.<\/p>\n<p>Nga rritja e pensioneve e parashikuar n\u00eb k\u00ebt\u00eb projektvendim, do t\u00eb p\u00ebrfitojn\u00eb rreth 702 944 p\u00ebrfitues, prej t\u00eb cil\u00ebve 688 944 jan\u00eb p\u00ebrfitues aktual dhe rreth 14 000 llogaritet t\u00eb jen\u00eb p\u00ebrfitues t\u00eb ardhsh\u00ebm, q\u00eb do t\u00eb marrin pension t\u00eb indeksuar deri n\u00eb indeksimin e ardhsh\u00ebm.<\/p>\n<p>Nga totali i p\u00ebrfituesve 555,442 jan\u00eb pensione qyteti, rreth 114002 jan\u00eb pensionist\u00eb q\u00eb marrin pensione fshati dhe rreth 19,500 jan\u00eb pensione sociale, pensione t\u00eb parakohshme t\u00eb ish-ushtarak\u00ebve, polic\u00ebve dhe punonj\u00ebsve t\u00eb Gard\u00ebs, t\u00eb Sh\u00ebrbimit Informativ t\u00eb Shtetit, t\u00eb Policis\u00eb s\u00eb Burgjeve, t\u00eb Policis\u00eb s\u00eb Mbrojtjes dhe t\u00eb Shp\u00ebtimit dhe punonj\u00ebsve t\u00eb Sh\u00ebrbimit t\u00eb Kontrollit t\u00eb Brendsh\u00ebm n\u00eb Republik\u00ebn e Shqip\u00ebris\u00eb si dhe trajtime t\u00eb ve\u00e7anta, t\u00eb ish-punonj\u00ebsve t\u00eb n\u00ebntok\u00ebs, t\u00eb industris\u00eb ushtarake, ish-pilot\u00ebve, ish-ushtarak\u00ebve t\u00eb n\u00ebndet\u00ebseve, t\u00eb industris\u00eb s\u00eb naft\u00ebs dhe metalurgjis\u00eb etj..<\/p>\n<p>Efektet financiare p\u00ebr zbatimin e k\u00ebtij vendimi, p\u00ebrllogariten n\u00eb shum\u00ebn 2,4 miliard\u00eb lek\u00eb, p\u00ebrballohen nga fondi p\u00ebr politikat e indeksimit t\u00eb pensioneve, i parashikuar n\u00eb buxhetin e ISSH t\u00eb vitit 2021. Vendimi hyn n\u00eb fuqi me botimin n\u00eb fletoren zyrtare dhe i shtrin efektet financiare nga data 01.04.2021.<\/p>\n<p>&nbsp;<\/p>","protected":false},"excerpt":{"rendered":"<p>Pak para zgjedhjeve Parlamentare t\u00eb 25 Prillit, qeveria ka vendosur t\u00eb rris\u00eb pensionet me 2.7% p\u00ebr 700 mij\u00eb pensionist\u00eb. K\u00ebshilli i Ministrave me propozim t\u00eb Ministris\u00eb s\u00eb Financave dhe Ekonomis\u00eb, ka miratuar n\u00eb mbledhjen e radh\u00ebs vendimin \u201cP\u00ebr indeksimin e pensioneve dhe baz\u00ebs s\u00eb vler\u00ebsuar\u201d. Sipas p\u00ebrllogaritjeve, jan\u00eb mesatarisht 390 lek\u00eb n\u00eb muaj, plus p\u00ebr [&hellip;]<\/p>\n","protected":false},"author":2016,"featured_media":173982,"comment_status":"closed","ping_status":"closed","sticky":false,"template":"","format":"standard","meta":{"footnotes":""},"categories":[241],"tags":[2061],"class_list":{"0":"post-173980","1":"post","2":"type-post","3":"status-publish","4":"format-standard","5":"has-post-thumbnail","7":"category-aktualitet","8":"tag-lajme-zjarr-qeveria-rrit-pensionet-me-2-7-zjarr-tv"},"_links":{"self":[{"href":"https:\/\/zjarr.tv\/en\/wp-json\/wp\/v2\/posts\/173980","targetHints":{"allow":["GET"]}}],"collection":[{"href":"https:\/\/zjarr.tv\/en\/wp-json\/wp\/v2\/posts"}],"about":[{"href":"https:\/\/zjarr.tv\/en\/wp-json\/wp\/v2\/types\/post"}],"author":[{"embeddable":true,"href":"https:\/\/zjarr.tv\/en\/wp-json\/wp\/v2\/users\/2016"}],"replies":[{"embeddable":true,"href":"https:\/\/zjarr.tv\/en\/wp-json\/wp\/v2\/comments?post=173980"}],"version-history":[{"count":0,"href":"https:\/\/zjarr.tv\/en\/wp-json\/wp\/v2\/posts\/173980\/revisions"}],"wp:featuredmedia":[{"embeddable":true,"href":"https:\/\/zjarr.tv\/en\/wp-json\/wp\/v2\/media\/173982"}],"wp:attachment":[{"href":"https:\/\/zjarr.tv\/en\/wp-json\/wp\/v2\/media?parent=173980"}],"wp:term":[{"taxonomy":"category","embeddable":true,"href":"https:\/\/zjarr.tv\/en\/wp-json\/wp\/v2\/categories?post=173980"},{"taxonomy":"post_tag","embeddable":true,"href":"https:\/\/zjarr.tv\/en\/wp-json\/wp\/v2\/tags?post=173980"}],"curies":[{"name":"wp","href":"https:\/\/api.w.org\/{rel}","templated":true}]}}