{"id":173994,"date":"2021-04-02T08:32:54","date_gmt":"2021-04-02T06:32:54","guid":{"rendered":"https:\/\/zjarr.tv\/?p=173994"},"modified":"2021-04-02T08:33:19","modified_gmt":"2021-04-02T06:33:19","slug":"debat-mes-rames-dhe-gazetarit-arjon-sulo-kryeministri-i-nevrikosur-kerkon-arrestimin-e-gazetarit-turp-qe-e-thua-njehere-nese-ke-dhene-rryshfet-atehere","status":"publish","type":"post","link":"https:\/\/zjarr.tv\/en\/debat-mes-rames-dhe-gazetarit-arjon-sulo-kryeministri-i-nevrikosur-kerkon-arrestimin-e-gazetarit-turp-qe-e-thua-njehere-nese-ke-dhene-rryshfet-atehere\/","title":{"rendered":"Debat mes Ram\u00ebs dhe gazetarit Arjon sulo\/ Kryeministri i nevrikosur k\u00ebrkon arrestimin e gazetarit: Turp q\u00eb e thua nj\u00ebher\u00eb, n\u00ebse ke dh\u00ebn\u00eb rryshfet at\u00ebher\u00eb\u2026"},"content":{"rendered":"<p>Kryeministri Edi Rama dhe gazetari Arjon Sulo, jan\u00eb p\u00ebrfshir\u00eb n\u00eb nj\u00eb debat mbr\u00ebmjen e djeshme, lidhur me fenomenin e rryshfetit n\u00eb mjek\u00ebsi.<\/p>\n<p>Gazetari tha se ekziston ende korrupsioni n\u00eb mjek\u00ebsi, nd\u00ebrkoh\u00eb q\u00eb Rama \u00ebsht\u00eb kund\u00ebrp\u00ebrgjigjur me tone t\u00eb ashpra, duke deklaruar se n\u00ebse Sulo pranon publikisht q\u00eb ka dh\u00ebn\u00eb rryshfet duhet arrestuar.<\/p>\n<p>Rama:\u00a0Jam i bindur 1000% i bindur q\u00eb ti nuk ke paguar ryshfet, duhesh arrestuar direkt n\u00ebse e ke b\u00ebr\u00eb, \u00ebsht\u00eb turp q\u00eb e thua nj\u00ebher\u00eb.<\/p>\n<p>Sulo:\u00a0Do ta shpjegoj pas emisionit, p\u00ebr etik\u00eb, se ti e di mir\u00eb k\u00ebt\u00eb.<\/p>\n<p>Rama:\u00a0Turp \u00ebsht\u00eb q\u00eb i thua shqiptar\u00ebve q\u00eb kjo \u00ebsht\u00eb rruga p\u00ebr t\u00eb zgjidhur hallet. Po pse mo un\u00eb do t\u2019i kontrolloj t\u00eb gjith\u00eb mjek\u00ebt nj\u00eb m\u00eb nj\u00eb, nuk luftohet ryfsheti duke u b\u00ebr\u00eb pal\u00eb me ryshfetin, por duke denoncuar.<\/p>\n<p>Sulo:\u00a0Po pra turp \u00ebsht\u00eb t\u00eb paguash para sa andej k\u00ebtej.<\/p>\n<p>Rama:\u00a0Nuk marrin lek\u00eb t\u00eb gjith\u00eb mjek\u00ebt, \u00ebsht\u00eb krim kur merr leke, kush fut dor\u00ebn tek xhepi i atyre q\u00eb jan\u00eb n\u00eb hall, por ti je bashk\u00ebpun\u00ebtor me at\u00eb q\u00eb i jep lek\u00ebt.<\/p>\n<p>&nbsp;<\/p>","protected":false},"excerpt":{"rendered":"<p>Kryeministri Edi Rama dhe gazetari Arjon Sulo, jan\u00eb p\u00ebrfshir\u00eb n\u00eb nj\u00eb debat mbr\u00ebmjen e djeshme, lidhur me fenomenin e rryshfetit n\u00eb mjek\u00ebsi. Gazetari tha se ekziston ende korrupsioni n\u00eb mjek\u00ebsi, nd\u00ebrkoh\u00eb q\u00eb Rama \u00ebsht\u00eb kund\u00ebrp\u00ebrgjigjur me tone t\u00eb ashpra, duke deklaruar se n\u00ebse Sulo pranon publikisht q\u00eb ka dh\u00ebn\u00eb rryshfet duhet arrestuar. Rama:\u00a0Jam i bindur [&hellip;]<\/p>\n","protected":false},"author":2016,"featured_media":173998,"comment_status":"closed","ping_status":"closed","sticky":false,"template":"","format":"standard","meta":{"footnotes":""},"categories":[241],"tags":[2063],"class_list":{"0":"post-173994","1":"post","2":"type-post","3":"status-publish","4":"format-standard","5":"has-post-thumbnail","7":"category-aktualitet","8":"tag-lajme-zjarr-debat-mes-rames-dhe-gazetarit-zjarr-tv"},"_links":{"self":[{"href":"https:\/\/zjarr.tv\/en\/wp-json\/wp\/v2\/posts\/173994","targetHints":{"allow":["GET"]}}],"collection":[{"href":"https:\/\/zjarr.tv\/en\/wp-json\/wp\/v2\/posts"}],"about":[{"href":"https:\/\/zjarr.tv\/en\/wp-json\/wp\/v2\/types\/post"}],"author":[{"embeddable":true,"href":"https:\/\/zjarr.tv\/en\/wp-json\/wp\/v2\/users\/2016"}],"replies":[{"embeddable":true,"href":"https:\/\/zjarr.tv\/en\/wp-json\/wp\/v2\/comments?post=173994"}],"version-history":[{"count":0,"href":"https:\/\/zjarr.tv\/en\/wp-json\/wp\/v2\/posts\/173994\/revisions"}],"wp:featuredmedia":[{"embeddable":true,"href":"https:\/\/zjarr.tv\/en\/wp-json\/wp\/v2\/media\/173998"}],"wp:attachment":[{"href":"https:\/\/zjarr.tv\/en\/wp-json\/wp\/v2\/media?parent=173994"}],"wp:term":[{"taxonomy":"category","embeddable":true,"href":"https:\/\/zjarr.tv\/en\/wp-json\/wp\/v2\/categories?post=173994"},{"taxonomy":"post_tag","embeddable":true,"href":"https:\/\/zjarr.tv\/en\/wp-json\/wp\/v2\/tags?post=173994"}],"curies":[{"name":"wp","href":"https:\/\/api.w.org\/{rel}","templated":true}]}}