{"id":173999,"date":"2021-04-02T08:43:36","date_gmt":"2021-04-02T06:43:36","guid":{"rendered":"https:\/\/zjarr.tv\/?p=173999"},"modified":"2021-04-02T08:49:24","modified_gmt":"2021-04-02T06:49:24","slug":"lulzim-basha-rama-eshte-kthyer-ne-nje-satelit-rreth-meje-me-monitoron-oret-e-gjumit","status":"publish","type":"post","link":"https:\/\/zjarr.tv\/en\/lulzim-basha-rama-eshte-kthyer-ne-nje-satelit-rreth-meje-me-monitoron-oret-e-gjumit\/","title":{"rendered":"Lulzim Basha: Rama \u00ebsht\u00eb kthyer n\u00eb nj\u00eb satelit rreth meje, m\u00eb monitoron or\u00ebt e gjumit\u2026"},"content":{"rendered":"<p>Kryedemokrati Lulzim Basha, u shpreh n\u00eb emisionin \u201cOpinion\u201d, s\u2019e Rama \u00ebsht\u00eb kthyer n\u00eb nj\u00eb satelit p\u00ebr t\u00eb, pasi merret gjith\u00eb koh\u00ebs me opozit\u00ebn dhe me t\u00eb personalisht.<\/p>\n<p><em>\u00a0<\/em><em>\u201cDetyrimi im para shqiptar\u00ebve \u00ebsht\u00eb pse e dua un\u00eb mandatin p\u00ebr \u00e7far\u00eb zotohem para tyre dhe si garantoj p\u00ebr zotimet e mia. N\u00eb nj\u00eb vend t\u00eb qytet\u00ebruar \u00ebsht\u00eb baza e nj\u00eb politike t\u00eb arsyeshme. N\u00eb nuk jemi n\u00eb k\u00ebt\u00eb terren, ne nuk mund t\u00eb pretendojm\u00eb n\u00eb nj\u00eb nga studiot m\u00eb t\u00eb lashta t\u00eb medias shqiptare se jemi n\u00eb nj\u00eb realitet normal.<\/em><\/p>\n<p><em>\u00a0<\/em><em>Nga nj\u00ebra an\u00eb ka nj\u00eb fushat\u00eb time dhe kandidat\u00ebve q\u00eb shtrihet kudo dhe merret me \u00e7\u00ebshtje konkrete dhe hallet e qytetar\u00ebve. Nga ana tjet\u00ebr po ndodh di\u00e7ka q\u00eb me th\u00ebn\u00eb t\u00eb drejt\u00ebn nuk \u00ebsht\u00eb se nuk m\u00eb jep nj\u00eb far\u00eb k\u00ebnaq\u00ebsie.<\/em><\/p>\n<p><em>\u00a0<\/em><em>Kemi nj\u00eb kryeminist\u00ebr q\u00eb \u00ebsht\u00eb kthyer nj\u00eb satelit i kandidatit p\u00ebr kryeminist\u00ebr, ai \u00ebsht\u00eb kthyer n\u00eb satelitin tim. Nga m\u00ebngjesi deri n\u00eb dark\u00eb merret me fushat\u00ebn time, me fjalimet e mia, i inspekton rresht p\u00ebr rresht, me veshjen time, me flok\u00ebt, madje m\u00eb monitoron dhe or\u00ebt e gjumit. Kryeministri \u00ebsht\u00eb katandisur n\u00eb satelitin e fushat\u00ebs time, pra sateliti im.<\/em><\/p>\n<p><em>\u00a0<\/em><em>Kjo ndodh sepse nuk ka asgj\u00eb p\u00ebr t\u00eb treguar, prandaj nga m\u00ebngjesi deri n\u00eb dark\u00eb merret me mua. Fushata ime dhe e PD-s\u00eb ia ka arritur q\u00ebllimit. \u00cbsht\u00eb hera e par\u00eb n\u00eb 30 vite q\u00eb kryeministri \u00ebsht\u00eb satelit i kryetarit t\u00eb opozit\u00ebs, kandidatit t\u00eb opozit\u00ebs p\u00ebr kryeminist\u00ebr\u201d<\/em>\u00a0, u shpreh Lulzim Basha.<\/p>\n<p>&nbsp;<\/p>","protected":false},"excerpt":{"rendered":"<p>Kryedemokrati Lulzim Basha, u shpreh n\u00eb emisionin \u201cOpinion\u201d, s\u2019e Rama \u00ebsht\u00eb kthyer n\u00eb nj\u00eb satelit p\u00ebr t\u00eb, pasi merret gjith\u00eb koh\u00ebs me opozit\u00ebn dhe me t\u00eb personalisht. \u00a0\u201cDetyrimi im para shqiptar\u00ebve \u00ebsht\u00eb pse e dua un\u00eb mandatin p\u00ebr \u00e7far\u00eb zotohem para tyre dhe si garantoj p\u00ebr zotimet e mia. N\u00eb nj\u00eb vend t\u00eb qytet\u00ebruar \u00ebsht\u00eb [&hellip;]<\/p>\n","protected":false},"author":2016,"featured_media":174003,"comment_status":"closed","ping_status":"closed","sticky":false,"template":"","format":"standard","meta":{"footnotes":""},"categories":[241],"tags":[2064],"class_list":{"0":"post-173999","1":"post","2":"type-post","3":"status-publish","4":"format-standard","5":"has-post-thumbnail","7":"category-aktualitet","8":"tag-lajme-zjarr-basha-rama-eshte-kthyer-ne-nje-satelit-rreth-meje-zjarr-tv"},"_links":{"self":[{"href":"https:\/\/zjarr.tv\/en\/wp-json\/wp\/v2\/posts\/173999","targetHints":{"allow":["GET"]}}],"collection":[{"href":"https:\/\/zjarr.tv\/en\/wp-json\/wp\/v2\/posts"}],"about":[{"href":"https:\/\/zjarr.tv\/en\/wp-json\/wp\/v2\/types\/post"}],"author":[{"embeddable":true,"href":"https:\/\/zjarr.tv\/en\/wp-json\/wp\/v2\/users\/2016"}],"replies":[{"embeddable":true,"href":"https:\/\/zjarr.tv\/en\/wp-json\/wp\/v2\/comments?post=173999"}],"version-history":[{"count":0,"href":"https:\/\/zjarr.tv\/en\/wp-json\/wp\/v2\/posts\/173999\/revisions"}],"wp:featuredmedia":[{"embeddable":true,"href":"https:\/\/zjarr.tv\/en\/wp-json\/wp\/v2\/media\/174003"}],"wp:attachment":[{"href":"https:\/\/zjarr.tv\/en\/wp-json\/wp\/v2\/media?parent=173999"}],"wp:term":[{"taxonomy":"category","embeddable":true,"href":"https:\/\/zjarr.tv\/en\/wp-json\/wp\/v2\/categories?post=173999"},{"taxonomy":"post_tag","embeddable":true,"href":"https:\/\/zjarr.tv\/en\/wp-json\/wp\/v2\/tags?post=173999"}],"curies":[{"name":"wp","href":"https:\/\/api.w.org\/{rel}","templated":true}]}}