{"id":174002,"date":"2021-04-02T08:53:55","date_gmt":"2021-04-02T06:53:55","guid":{"rendered":"https:\/\/zjarr.tv\/?p=174002"},"modified":"2021-04-02T08:53:55","modified_gmt":"2021-04-02T06:53:55","slug":"paa-duka-kercenimi-i-shqiptareve-ose-votoni-mua-ose-ju-pret-vdekja-nga-mungesa-e-vaksinave-deshmi-e-zhdukjes-morale","status":"publish","type":"post","link":"https:\/\/zjarr.tv\/en\/paa-duka-kercenimi-i-shqiptareve-ose-votoni-mua-ose-ju-pret-vdekja-nga-mungesa-e-vaksinave-deshmi-e-zhdukjes-morale\/","title":{"rendered":"PAA :&#8221;Duka- K\u00ebrc\u00ebnimi i shqiptar\u00ebve ose votoni mua ose ju pret vdekja nga mungesa e vaksinave &#8211; d\u00ebshmi e zhdukjes morale"},"content":{"rendered":"<p>&nbsp;<\/p>\n<p>Rama po u k\u00ebrc\u00ebnon jet\u00ebn shqiptar\u00ebve.<\/p>\n<p>Deklarimi i tij se po humbi ai zgjedhjet, do t\u00eb nd\u00ebrpritet vaksinimi, d\u00ebshmon nj\u00eb mentalitet qeveris\u00ebs kriminal p\u00ebr pushtet absolut dhe t\u00eb p\u00ebrjetsh\u00ebm.<\/p>\n<p>Kjo sepse : 1.Asnj\u00eb kompani e prodhimit t\u00eb vaksinave n\u00eb bot\u00eb nuk b\u00ebn\u00eb kontrat\u00eb me individ\u00ebt n\u00eb qeveri por me qeverin\u00eb e \u00e7do vendi.<\/p>\n<p>2. Kontratat e blerjes s\u00eb vaksinave jan\u00eb marr\u00ebveshje ligjore jo fotografi personale.<\/p>\n<p>3. Keq p\u00ebrdorim i vaksinave p\u00ebr mbijetes\u00eb personale &#8211; \u00ebsht\u00eb moralisht i turpsh\u00ebm dhe ligj\u00ebrisht i d\u00ebnuesh\u00ebm.<\/p>\n<p>4. Prova konkrete se vaksinimi nuk ka t\u00eb bej me rotacionet politike \u00ebsht\u00eb Qeveria Kurti n\u00eb Kosov\u00eb e cila sapo mori nj\u00eb mb\u00ebshtetje t\u00eb konsiderushme vaksina nga projekti global i Covax.<\/p>\n<p>Rilindasi n\u00eb ikje po l\u00eb pas d\u00ebshtimin edhe psikologjik, duke zgjedhur si aleat t\u00eb tij k\u00ebrcenimin me vdekje t\u00eb qindra mij\u00ebra shqiptar\u00ebve q\u00eb nuk e kan\u00eb b\u00ebr\u00eb akoma vaksin\u00ebn.<\/p>\n<p>Ky k\u00ebrcenim kriminal \u00ebsht\u00eb prova m\u00eb e qart\u00eb p\u00ebr \u00e7do shqiptar\u00eb p\u00ebrse rotacioni \u00ebsht\u00eb jo vet\u00ebm i domosdosh\u00ebm por edhe i menj\u00ebhersh\u00eb.<\/p>\n<p>Ndryshimi do t\u00eb ndodh me vot\u00eb plebishitare.<\/p>\n<p>T&#8217;a shp\u00ebtojm\u00eb t\u00eb ardhmen ton\u00eb nga ky model qeverisje q\u00eb pasi ju vodhi shqiptar\u00ebve disa miliard\u00eb lek\u00eb, euro apo dollar\u00eb, pasi ju vodhi shpres\u00ebn dhe t\u00eb ardhmen evropiane, i k\u00ebrc\u00ebnon shqiptar\u00ebt se do t&#8217;ju marr edhe jet\u00ebn po nuk votuan at\u00eb dhe vet\u00ebm at\u00eb q\u00eb sic thot\u00eb edhe vete \u00ebsht\u00eb &#8220;lypsari m\u00eb i madh&#8217; i shqiptar\u00ebve.<\/p>\n<p>Me k\u00ebt\u00eb k\u00ebrcenim kriminal &#8211; &#8220;Rilindasi i frik\u00ebs dhe vdekjeve&#8221; tregon se ka lypur gjithmon\u00eb p\u00ebr lavdin dhe pushtetin e tij personal, por i ka varf\u00ebruar m\u00eb shum\u00eb shqiptar\u00ebt.<\/p>","protected":false},"excerpt":{"rendered":"<p>&nbsp; Rama po u k\u00ebrc\u00ebnon jet\u00ebn shqiptar\u00ebve. Deklarimi i tij se po humbi ai zgjedhjet, do t\u00eb nd\u00ebrpritet vaksinimi, d\u00ebshmon nj\u00eb mentalitet qeveris\u00ebs kriminal p\u00ebr pushtet absolut dhe t\u00eb p\u00ebrjetsh\u00ebm. Kjo sepse : 1.Asnj\u00eb kompani e prodhimit t\u00eb vaksinave n\u00eb bot\u00eb nuk b\u00ebn\u00eb kontrat\u00eb me individ\u00ebt n\u00eb qeveri por me qeverin\u00eb e \u00e7do vendi. 2. [&hellip;]<\/p>\n","protected":false},"author":2031,"featured_media":174005,"comment_status":"closed","ping_status":"closed","sticky":false,"template":"","format":"standard","meta":{"footnotes":""},"categories":[364],"tags":[],"class_list":{"0":"post-174002","1":"post","2":"type-post","3":"status-publish","4":"format-standard","5":"has-post-thumbnail","7":"category-koment-opinion"},"_links":{"self":[{"href":"https:\/\/zjarr.tv\/en\/wp-json\/wp\/v2\/posts\/174002","targetHints":{"allow":["GET"]}}],"collection":[{"href":"https:\/\/zjarr.tv\/en\/wp-json\/wp\/v2\/posts"}],"about":[{"href":"https:\/\/zjarr.tv\/en\/wp-json\/wp\/v2\/types\/post"}],"author":[{"embeddable":true,"href":"https:\/\/zjarr.tv\/en\/wp-json\/wp\/v2\/users\/2031"}],"replies":[{"embeddable":true,"href":"https:\/\/zjarr.tv\/en\/wp-json\/wp\/v2\/comments?post=174002"}],"version-history":[{"count":0,"href":"https:\/\/zjarr.tv\/en\/wp-json\/wp\/v2\/posts\/174002\/revisions"}],"wp:featuredmedia":[{"embeddable":true,"href":"https:\/\/zjarr.tv\/en\/wp-json\/wp\/v2\/media\/174005"}],"wp:attachment":[{"href":"https:\/\/zjarr.tv\/en\/wp-json\/wp\/v2\/media?parent=174002"}],"wp:term":[{"taxonomy":"category","embeddable":true,"href":"https:\/\/zjarr.tv\/en\/wp-json\/wp\/v2\/categories?post=174002"},{"taxonomy":"post_tag","embeddable":true,"href":"https:\/\/zjarr.tv\/en\/wp-json\/wp\/v2\/tags?post=174002"}],"curies":[{"name":"wp","href":"https:\/\/api.w.org\/{rel}","templated":true}]}}