{"id":174033,"date":"2021-04-02T10:31:32","date_gmt":"2021-04-02T08:31:32","guid":{"rendered":"https:\/\/zjarr.tv\/?p=174033"},"modified":"2021-04-02T10:32:16","modified_gmt":"2021-04-02T08:32:16","slug":"2-prilli-nuk-mori-ftese-per-ceremonine-flet-topalli-ndryshimin-nuk-e-ben-dot-as-rama-as-basha-as-meta-e-as","status":"publish","type":"post","link":"https:\/\/zjarr.tv\/en\/2-prilli-nuk-mori-ftese-per-ceremonine-flet-topalli-ndryshimin-nuk-e-ben-dot-as-rama-as-basha-as-meta-e-as\/","title":{"rendered":"2 Prilli\/ Nuk mori ftes\u00eb p\u00ebr ceremonin\u00eb\/ Flet Topalli: Ndryshimin nuk e b\u00ebn dot as Rama, as Basha, as Meta e as\u2026"},"content":{"rendered":"<p>Kryetarja e \u201cL\u00ebvizjes p\u00ebr Ndryshim\u201d Jozefina Topalli, s\u00eb bashku me kandidat\u00ebt e saj, vendos\u00ebn kurora me lule tek lapidari i Martir\u00ebve.<\/p>\n<p>N\u00eb nj\u00eb prononcim p\u00ebr mediat, Topalli u shpreh se;\u00a0<em>akoma sot pas 3 dekadash po jetohet nj\u00eb moment ku shpresa \u00ebsht\u00eb larguar dhe e v\u00ebrteta \u00ebsht\u00eb larg, ku nuk ka nj\u00eb qeveri dhe opozit\u00eb. Pas 3 dekadash jemi larg \u00ebndrrave t\u00eb tyre.<\/em><\/p>\n<p>Gjithashtu, Topalli u shpreh s\u2019e vendi sot ka nevoj\u00eb m\u00eb shume se kurr\u00eb, p\u00ebr ndryshim dhe k\u00ebt\u00eb nuk e b\u00ebn as Lulzim Basha, as Rama, as Meta , as Monika Kryemadhi.<\/p>\n<p>E pyetur nga gazetar\u00ebt pse nuk i \u00ebsht\u00eb bashkuar ceremonis\u00eb solemne , ajo u p\u00ebrgjigj s\u2019e nuk kishte asnj\u00eb ftese t\u00eb tij.<\/p>\n<p>&nbsp;<\/p>","protected":false},"excerpt":{"rendered":"<p>Kryetarja e \u201cL\u00ebvizjes p\u00ebr Ndryshim\u201d Jozefina Topalli, s\u00eb bashku me kandidat\u00ebt e saj, vendos\u00ebn kurora me lule tek lapidari i Martir\u00ebve. N\u00eb nj\u00eb prononcim p\u00ebr mediat, Topalli u shpreh se;\u00a0akoma sot pas 3 dekadash po jetohet nj\u00eb moment ku shpresa \u00ebsht\u00eb larguar dhe e v\u00ebrteta \u00ebsht\u00eb larg, ku nuk ka nj\u00eb qeveri dhe opozit\u00eb. Pas [&hellip;]<\/p>\n","protected":false},"author":2016,"featured_media":174035,"comment_status":"closed","ping_status":"closed","sticky":false,"template":"","format":"standard","meta":{"footnotes":""},"categories":[241],"tags":[2070],"class_list":{"0":"post-174033","1":"post","2":"type-post","3":"status-publish","4":"format-standard","5":"has-post-thumbnail","7":"category-aktualitet","8":"tag-lajme-zjarr-topalli-nuk-merr-ftese-ne-ceremonine-e-2-prillit-zjarr-tv"},"_links":{"self":[{"href":"https:\/\/zjarr.tv\/en\/wp-json\/wp\/v2\/posts\/174033","targetHints":{"allow":["GET"]}}],"collection":[{"href":"https:\/\/zjarr.tv\/en\/wp-json\/wp\/v2\/posts"}],"about":[{"href":"https:\/\/zjarr.tv\/en\/wp-json\/wp\/v2\/types\/post"}],"author":[{"embeddable":true,"href":"https:\/\/zjarr.tv\/en\/wp-json\/wp\/v2\/users\/2016"}],"replies":[{"embeddable":true,"href":"https:\/\/zjarr.tv\/en\/wp-json\/wp\/v2\/comments?post=174033"}],"version-history":[{"count":0,"href":"https:\/\/zjarr.tv\/en\/wp-json\/wp\/v2\/posts\/174033\/revisions"}],"wp:featuredmedia":[{"embeddable":true,"href":"https:\/\/zjarr.tv\/en\/wp-json\/wp\/v2\/media\/174035"}],"wp:attachment":[{"href":"https:\/\/zjarr.tv\/en\/wp-json\/wp\/v2\/media?parent=174033"}],"wp:term":[{"taxonomy":"category","embeddable":true,"href":"https:\/\/zjarr.tv\/en\/wp-json\/wp\/v2\/categories?post=174033"},{"taxonomy":"post_tag","embeddable":true,"href":"https:\/\/zjarr.tv\/en\/wp-json\/wp\/v2\/tags?post=174033"}],"curies":[{"name":"wp","href":"https:\/\/api.w.org\/{rel}","templated":true}]}}