{"id":174042,"date":"2021-04-02T11:00:59","date_gmt":"2021-04-02T09:00:59","guid":{"rendered":"https:\/\/zjarr.tv\/?p=174042"},"modified":"2021-04-02T11:01:50","modified_gmt":"2021-04-02T09:01:50","slug":"edi-rama-brenda-muajit-prill-do-te-vijne-23-mije-doza-te-tjera-pfizer","status":"publish","type":"post","link":"https:\/\/zjarr.tv\/en\/edi-rama-brenda-muajit-prill-do-te-vijne-23-mije-doza-te-tjera-pfizer\/","title":{"rendered":"Edi Rama: Brenda muajit Prill do t\u00eb vijn\u00eb 23 mij\u00eb doza t\u00eb tjera Pfizer\u2026"},"content":{"rendered":"<p>M\u00ebngjesin e sot\u00ebm, Kryeministri Rama, ka njoftuar s\u2019e brenda muajit Prill n\u00eb vendin tone, do t\u00eb vijn\u00eb edhe 23 mij\u00eb doza t\u00eb tjera t\u00eb vaksin\u00ebs Pfizer.<\/p>\n<p>Me an\u00eb t\u00eb nj\u00eb postimi n\u00eb Facebook, Rama shkruan s\u2019e do ta leht\u00ebsojm\u00eb sezonin turistik dhe do t\u00eb ngjitemi shum\u00eb shpejt n\u00eb shkall\u00ebt e larta, t\u00eb klasifikimit n\u00eb Europ\u00eb, p\u00ebr volumin e vaksinimit.<\/p>\n<p>\u201cLAJM I MIR\u00cb Brenda jav\u00ebve t\u00eb prillit edhe 23 mij\u00eb doza t\u00eb tjera PFIZER.<\/p>\n<p>Ne do ta leht\u00ebsojm\u00eb sezonin turistik me se s\u2019b\u00ebn; do t\u00eb ngjitemi shum\u00eb shpejt n\u00eb shkall\u00ebt e larta t\u00eb klasifikimit n\u00eb Europ\u00eb, p\u00ebr volumin e vaksinimit; do ta nxjerrim jasht\u00eb Armikun e Paduksh\u00ebm m\u00eb shpejt se shum\u00eb t\u00eb tjer\u00eb n\u00eb kontinentin ton\u00eb\u201d, shkruan Rama.<\/p>","protected":false},"excerpt":{"rendered":"<p>M\u00ebngjesin e sot\u00ebm, Kryeministri Rama, ka njoftuar s\u2019e brenda muajit Prill n\u00eb vendin tone, do t\u00eb vijn\u00eb edhe 23 mij\u00eb doza t\u00eb tjera t\u00eb vaksin\u00ebs Pfizer. Me an\u00eb t\u00eb nj\u00eb postimi n\u00eb Facebook, Rama shkruan s\u2019e do ta leht\u00ebsojm\u00eb sezonin turistik dhe do t\u00eb ngjitemi shum\u00eb shpejt n\u00eb shkall\u00ebt e larta, t\u00eb klasifikimit n\u00eb Europ\u00eb, [&hellip;]<\/p>\n","protected":false},"author":2016,"featured_media":174044,"comment_status":"closed","ping_status":"closed","sticky":false,"template":"","format":"standard","meta":{"footnotes":""},"categories":[241],"tags":[2072],"class_list":{"0":"post-174042","1":"post","2":"type-post","3":"status-publish","4":"format-standard","5":"has-post-thumbnail","7":"category-aktualitet","8":"tag-lajme-zjarr-rama-ne-prill-vijne-23-mije-doza-te-tjera-pfizer-zjarr-tv"},"_links":{"self":[{"href":"https:\/\/zjarr.tv\/en\/wp-json\/wp\/v2\/posts\/174042","targetHints":{"allow":["GET"]}}],"collection":[{"href":"https:\/\/zjarr.tv\/en\/wp-json\/wp\/v2\/posts"}],"about":[{"href":"https:\/\/zjarr.tv\/en\/wp-json\/wp\/v2\/types\/post"}],"author":[{"embeddable":true,"href":"https:\/\/zjarr.tv\/en\/wp-json\/wp\/v2\/users\/2016"}],"replies":[{"embeddable":true,"href":"https:\/\/zjarr.tv\/en\/wp-json\/wp\/v2\/comments?post=174042"}],"version-history":[{"count":0,"href":"https:\/\/zjarr.tv\/en\/wp-json\/wp\/v2\/posts\/174042\/revisions"}],"wp:featuredmedia":[{"embeddable":true,"href":"https:\/\/zjarr.tv\/en\/wp-json\/wp\/v2\/media\/174044"}],"wp:attachment":[{"href":"https:\/\/zjarr.tv\/en\/wp-json\/wp\/v2\/media?parent=174042"}],"wp:term":[{"taxonomy":"category","embeddable":true,"href":"https:\/\/zjarr.tv\/en\/wp-json\/wp\/v2\/categories?post=174042"},{"taxonomy":"post_tag","embeddable":true,"href":"https:\/\/zjarr.tv\/en\/wp-json\/wp\/v2\/tags?post=174042"}],"curies":[{"name":"wp","href":"https:\/\/api.w.org\/{rel}","templated":true}]}}