{"id":174046,"date":"2021-04-02T11:16:28","date_gmt":"2021-04-02T09:16:28","guid":{"rendered":"https:\/\/zjarr.tv\/?p=174046"},"modified":"2021-04-02T11:16:46","modified_gmt":"2021-04-02T09:16:46","slug":"rama-presion-biznesmeneve-thoni-sa-jeni-rritur-mos-kini-frike-nga-kontrolli-i-taksave-njerin-e-detyron-njerin-te-ulet-ne-karrigen-e-tij","status":"publish","type":"post","link":"https:\/\/zjarr.tv\/en\/rama-presion-biznesmeneve-thoni-sa-jeni-rritur-mos-kini-frike-nga-kontrolli-i-taksave-njerin-e-detyron-njerin-te-ulet-ne-karrigen-e-tij\/","title":{"rendered":"Rama presion biznesmen\u00ebve: Thoni sa jeni rritur, mos kini frik\u00eb nga kontrolli i taksave, nj\u00ebrin e detyron nj\u00ebrin t\u00eb ulet n\u00eb karrigen e tij\u2026"},"content":{"rendered":"<p>Paraditen e sotme, Kryeministri Rama, \u00ebsht\u00eb ndalur n\u00eb Berat, n\u00eb zon\u00ebn e Morav\u00ebs ku ka takuar disa bizmesmen\u00eb q\u00eb merren me grumbullimin e frutave dhe perimeve.<\/p>\n<p>Rama u ka k\u00ebrkuar atyre q\u00eb t\u00eb jepnin shifra konkrete, se sa jan\u00eb rritur me prodhimin dhe eskportet, nd\u00ebrsa ndeshi n\u00eb hezitimin e disave prej tyre p\u00ebr t\u00eb dh\u00ebn\u00eb shifra.<\/p>\n<p><em>\u201cPlani yn\u00eb i veprimit \u00ebsht\u00eb pjes\u00eb e vizionit ton\u00eb Shqip\u00ebria 2030, mund t\u00eb jemi kampion\u00eb t\u00eb Ballkanit n\u00eb turiz\u00ebm, agroturiz\u00ebm dhe kampione n\u00eb eksportet bujq\u00ebsore, dhe me k\u00ebto tre hallka, Shqip\u00ebria do t\u00eb ket\u00eb mund\u00ebsin\u00eb q\u00eb t\u00eb shkoj\u00eb n\u00eb nivel tjet\u00ebr. K\u00ebto treja jan\u00eb baza e nj\u00eb pun\u00ebsimi cil\u00ebsor, patjet\u00ebr q\u00eb jo vet\u00ebm rritja e vendeve t\u00eb pun\u00ebs \u00ebsht\u00eb nj\u00eb sfid\u00eb, por edhe rritja e pagave n\u00eb vendet e pun\u00ebs.<\/em><\/p>\n<p><em>Nuk e din\u00eb fare ata q\u00eb na ndjekin se \u00e7far\u00eb b\u00ebhet n\u00eb fshat. K\u00ebta njer\u00ebz q\u00eb jan\u00eb k\u00ebtu, nuk kan\u00eb orar, nuk kan\u00eb limit, k\u00ebta jan\u00eb njer\u00ebz q\u00eb nuk njohin dallimin mes dit\u00ebs dhe nat\u00ebs, k\u00ebta njer\u00ebz e gdhijn\u00eb n\u00eb sera, n\u00eb ara dhe n\u00eb fabrikat e tyre\u201d,<\/em>\u00a0u shpreh Rama mes t\u00eb tjerave.<\/p>\n<p><strong>Pjes\u00eb nga bisedat e Ram\u00ebs:<\/strong><\/p>\n<p>Biznesmeni: Mandatin q\u00eb do t\u00eb vij\u00eb do t\u00eb keni n\u00eb fokus p\u00ebr ta zgjeruar k\u00ebt\u00eb fush\u00eb, jan\u00eb p\u00ebr tu vler\u00ebsuar t\u00eb gjith\u00eb grumbulluesit. E ardhmja do t\u00eb jet\u00eb m\u00eb e mir\u00eb, do t\u00eb punojm\u00eb p\u00ebr t\u00eb rritur eksportet<\/p>\n<p>Rama: Ore \u00e7a i ke k\u00ebto, po flet si politikan, fol p\u00ebr biznesin t\u00ebnd<\/p>\n<p>Biznesmeni: E kam nisur si biznes familjar, nuk e kisha menduar asnj\u00ebher\u00eb q\u00eb do arrija deri k\u00ebtu<\/p>\n<p>Rama: Ke hall se t\u00eb vjen kontrolli i taksave \u00eb\u00eb<\/p>\n<p>Biznesmeni: Pesh\u00ebn time e kam mbajtur stab\u00ebl, vitin e kaluar ne kemi pasur 40% rritje n\u00eb eksport, n\u00eb fund t\u00eb fundit produktet kan\u00eb ikur. Ne kemi rreth 1500 nipte fermeri, kemi dhe 100 pun\u00ebtor\u00eb sezonale, q\u00eb jan\u00eb kryesisht gra, nga t\u00eb gjitha vendet. I marrim n\u00ebp\u00ebr sht\u00ebpira dhe i \u00e7ojm\u00eb n\u00ebp\u00ebr sht\u00ebpira. Ne kemi qen\u00eb \u00e7do vit n\u00eb rritje, besojm\u00eb se edhe k\u00ebt\u00eb vit do t\u00eb kemi shum\u00eb rritje.<\/p>\n<p>Rama: Ulu aty (i referohet karriges ku ishte ulur vet\u00eb fillimisht)<\/p>\n<p>Biznesmeni: \u00cbsht\u00eb \u00e7ik karrige e r\u00ebnd\u00eb kjo<\/p>\n<p>Rama: Ulu, ulu aty.<\/p>\n<p>\u2026..<\/p>\n<p>Rama: Ja ku e keni oligarkun e radh\u00ebs, oligarkun e domates<\/p>\n<p>Biznesmeni: \u00c7ojm\u00eb domate n\u00eb SHBA dhe deri n\u00eb Koren\u00eb e Jugut, me IPARD-in kemi marr\u00eb disa investime, q\u00eb kemi futur edhe tharjen e frutave, sidomos n\u00eb zon\u00ebn e Skraparit.<\/p>\n<p>&nbsp;<\/p>","protected":false},"excerpt":{"rendered":"<p>Paraditen e sotme, Kryeministri Rama, \u00ebsht\u00eb ndalur n\u00eb Berat, n\u00eb zon\u00ebn e Morav\u00ebs ku ka takuar disa bizmesmen\u00eb q\u00eb merren me grumbullimin e frutave dhe perimeve. Rama u ka k\u00ebrkuar atyre q\u00eb t\u00eb jepnin shifra konkrete, se sa jan\u00eb rritur me prodhimin dhe eskportet, nd\u00ebrsa ndeshi n\u00eb hezitimin e disave prej tyre p\u00ebr t\u00eb dh\u00ebn\u00eb [&hellip;]<\/p>\n","protected":false},"author":2016,"featured_media":174048,"comment_status":"closed","ping_status":"closed","sticky":false,"template":"","format":"standard","meta":{"footnotes":""},"categories":[241],"tags":[2073],"class_list":{"0":"post-174046","1":"post","2":"type-post","3":"status-publish","4":"format-standard","5":"has-post-thumbnail","7":"category-aktualitet","8":"tag-lajme-zjarr-rama-presion-biznesmeneve-zjarr-tv"},"_links":{"self":[{"href":"https:\/\/zjarr.tv\/en\/wp-json\/wp\/v2\/posts\/174046","targetHints":{"allow":["GET"]}}],"collection":[{"href":"https:\/\/zjarr.tv\/en\/wp-json\/wp\/v2\/posts"}],"about":[{"href":"https:\/\/zjarr.tv\/en\/wp-json\/wp\/v2\/types\/post"}],"author":[{"embeddable":true,"href":"https:\/\/zjarr.tv\/en\/wp-json\/wp\/v2\/users\/2016"}],"replies":[{"embeddable":true,"href":"https:\/\/zjarr.tv\/en\/wp-json\/wp\/v2\/comments?post=174046"}],"version-history":[{"count":0,"href":"https:\/\/zjarr.tv\/en\/wp-json\/wp\/v2\/posts\/174046\/revisions"}],"wp:featuredmedia":[{"embeddable":true,"href":"https:\/\/zjarr.tv\/en\/wp-json\/wp\/v2\/media\/174048"}],"wp:attachment":[{"href":"https:\/\/zjarr.tv\/en\/wp-json\/wp\/v2\/media?parent=174046"}],"wp:term":[{"taxonomy":"category","embeddable":true,"href":"https:\/\/zjarr.tv\/en\/wp-json\/wp\/v2\/categories?post=174046"},{"taxonomy":"post_tag","embeddable":true,"href":"https:\/\/zjarr.tv\/en\/wp-json\/wp\/v2\/tags?post=174046"}],"curies":[{"name":"wp","href":"https:\/\/api.w.org\/{rel}","templated":true}]}}