{"id":174061,"date":"2021-04-02T12:06:53","date_gmt":"2021-04-02T10:06:53","guid":{"rendered":"https:\/\/zjarr.tv\/?p=174061"},"modified":"2021-04-02T12:08:23","modified_gmt":"2021-04-02T10:08:23","slug":"kiri-hajdari-zbulon-se-per-ke-po-ben-fushate","status":"publish","type":"post","link":"https:\/\/zjarr.tv\/en\/kiri-hajdari-zbulon-se-per-ke-po-ben-fushate\/","title":{"rendered":"Kiri Hajdari zbulon se p\u00ebr k\u00eb po b\u00ebn fushat\u00eb\u2026"},"content":{"rendered":"<p>Kiri Hajdari, ka vendosur t\u00eb b\u00ebj\u00eb fushat\u00eb, krah t\u00eb motr\u00ebs s\u00eb tij, e cila k\u00ebrkon q\u00eb t\u00eb jet\u00eb pjes\u00eb e Kuvendit, n\u00ebn logon e \u201cNism\u00ebs Thurje\u201d.<\/p>\n<p>N\u00ebp\u00ebrmjet nj\u00eb postimi n\u00eb rrjetet sociale, Hajdari shprehet se s\u00eb bashku me t\u00eb motr\u00ebn e tij, ata k\u00ebrkojn\u00eb nj\u00eb Shqip\u00ebri m\u00eb t\u00eb mire, p\u00ebr t\u00eb gjith\u00eb qytetar\u00ebt q\u00eb ndihen t\u00eb zhg\u00ebnjyer, e q\u00eb prisnin shum\u00eb m\u00eb shum\u00eb nga demokracia.<\/p>\n<p>Vet\u00eb Kiri, doli disa her\u00eb n\u00eb krah t\u00eb Lulzim Bash\u00ebs, pasi e motra e tij vendosi q\u00eb t\u00eb mos digjte mandatin, nd\u00ebrkoh\u00eb q\u00eb tashm\u00eb ai \u00ebsht\u00eb n\u00eb krah\u00eb t\u00eb saj, p\u00ebr t\u00eb qen\u00eb pjes\u00eb e Kuvendit t\u00eb ardhsh\u00ebm.<\/p>\n<p>Postimi i plot\u00eb i Hajdarit:<\/p>\n<p><em>Duke ju uruar mbi t\u00eb gjitha sh\u00ebndet n\u00eb k\u00ebto koh\u00eb pandemie dhe mbar\u00ebsi n\u00eb familjet tuaja, m\u00eb lejoni tju b\u00ebj me dije se k\u00ebto koh\u00eb jam angazhuar n\u00eb fushat\u00ebn e Rudin\u00ebs, si kandidate # Nisma Thurje Nr 7, n\u00eb Qarkun e Elbasanit\u00a0<\/em><\/p>\n<p><em>Kjo \u00ebsht\u00eb nj\u00eb fushat\u00eb e ve\u00e7ant\u00eb, jo vet\u00ebm p\u00ebr kushtet ku zhvillohet, por mbi t\u00eb gjitha p\u00ebr frym\u00ebn politike dhe shoq\u00ebrore. Shqip\u00ebtar\u00ebt kan\u00eb nevoj\u00eb p\u00ebr nj\u00eb ndryshim rr\u00ebnj\u00ebsor dhe mbi t\u00eb gjitha p\u00ebr nj\u00eb mentalitet t\u00eb ri n\u00eb hedhjen e vot\u00ebs. Vota \u00ebsht\u00eb e shenjt\u00eb, e pa\u00e7mueshme, dhe peshon me r\u00ebnd\u00ebsi, sa e tashmja dhe e ardhmja e \u00e7do njeriu.<\/em><\/p>\n<p><em>Kan\u00eb kaluar 30 vite tranzicion demokratik dhe Parlamenti,\u00a0 arena politike, hap\u00ebsirat publike\u00a0 kan\u00eb nevoj\u00eb m\u00eb shum\u00eb se kurr\u00eb p\u00ebr z\u00ebra q\u00ebndrime dhe ide t\u00eb reja. K\u00ebto zgjedhje jan\u00eb nj\u00eb mund\u00ebsi e madhe p\u00ebr shoq\u00ebrin\u00eb shqiptare.<\/em><\/p>\n<p><em>Miq, p\u00ebrtej t\u00eb q\u00ebnurit v\u00eblla i Rudin\u00ebs, familje e saj, bijt\u00eb e Azemit, ne t\u00eb dy ndihemi sot m\u00eb shum\u00eb se kurr\u00eb bashk\u00eb n\u00eb nj\u00eb thelb t\u00eb vet\u00ebm, ndihemi miq, bashk\u00ebpun\u00ebtor\u00eb. Ne ndihemi sot, nj\u00eb zem\u00ebr- nj\u00eb mendje, p\u00ebr nj\u00eb q\u00ebllim:\u00a0<\/em><\/p>\n<p><em>\u201cT\u00eb kontribuojm\u00eb, t\u00eb punojm\u00eb p\u00ebr t\u00eb \u00e7uar p\u00ebrpara idealet dhe bindjet e Dhjetorit 90, Dhjetorit t\u00eb Azemit, Dhjetorit te student\u00ebve t\u00eb liris\u00eb dhe demokracis\u00eb q\u00eb shemb\u00ebn diktatur\u00ebn m\u00eb t\u00eb eg\u00ebr t\u00eb Evrop\u00ebs\u201d.<\/em><\/p>\n<p><em>30 vite pas, ne jetojm\u00eb n\u00eb nj\u00eb Shqip\u00ebri q\u00eb \u00ebsht\u00eb shum\u00eb mbrapa me at\u00eb cfar\u00eb brezi i prind\u00ebrve tan\u00eb\u00a0 dhe i mij\u00ebra shqiptar\u00ebve t\u00eb rinj t\u00eb viteve\u00a0 90, synuan q\u00eb Atdheu\u00a0 t\u00eb shnd\u00ebrrohej..pik\u00ebrisht\u00a0 n\u00eb nj\u00eb fole t\u00eb paqt\u00eb dhe me prosperitet.<\/em><\/p>\n<p><em>Pas 30 vitesh fitore t\u00eb liris\u00eb dhe vendosjes s\u00eb pluralizmit, sot Shqip\u00ebria \u00ebsht\u00eb shum\u00eb e varf\u00ebr, me plot vuajtje halle, me qindra mij\u00ebra t\u00eb rinj q\u00eb jan\u00eb larguar t\u00eb d\u00ebshp\u00ebruar dhe plot mall\u00a0 n\u00eb emigracion, me papun\u00ebsi t\u00eb lart\u00eb\u00a0 dhe me shpres\u00ebn q\u00eb duket e fikur.\u00a0<\/em><\/p>\n<p><em>Cfar\u00eb po ndodh.. amanetet e Azemit, heronjve\u00a0 t\u00eb 2 Prillit, student\u00ebve dhe t\u00eb rinjve, atyre mij\u00ebra shqiptar\u00ebve t\u00eb burgosur, pushkatuar\u00a0 e t\u00eb persekutuar na k\u00ebmbojn\u00eb n\u00eb vesh..na tundin shpirtin p\u00ebr t\u00eb \u00e7uar deri n\u00eb fund kauz\u00ebn e Shqip\u00ebris\u00eb si gjith\u00eb Europa, e Shqip\u00ebris\u00eb shtet i s\u00eb drejt\u00ebs dhe me institucione t\u00eb forta.<\/em><\/p>\n<p><em>Rinis\u00eb, t\u00eb gjith\u00ebve ne, pamvar\u00ebsisht bindjeve dhe mosh\u00ebs\u00a0 na del shum\u00eb\u00e7ka p\u00ebr t\u00eb b\u00ebr\u00eb. Nuk duhet t\u00eb rrijm\u00eb duarkryq, indiferent\u00eb. \u00c7dokush \u00ebsht\u00eb\u00a0 nj\u00eb z\u00eb shum\u00eb i fuqish\u00ebm n\u00eb k\u00ebt\u00eb rrug\u00eb q\u00eb ka nisur p\u00ebr ndryshim rr\u00ebnj\u00ebsor. Varf\u00ebria dhe prapambetja \u00ebsht\u00eb e patolerueshme m\u00eb dhe shkulja e t\u00eb keqes fillon me zgjedhjen e kandidat\u00ebve q\u00eb duhet t\u00eb.p\u00ebrfaq\u00ebsojn\u00eb me dinjitet dhe pa kompromis, shqiptar\u00ebt<\/em><\/p>\n<p><em>Patriotizmi dhe dobia p\u00ebr t\u00eb b\u00ebr\u00eb dicka p\u00ebr k\u00ebt\u00eb vend duhet t\u00eb jet\u00eb vet\u00eb q\u00ebllimi.<\/em><\/p>\n<p><em>Prej jav\u00ebsh me Rudin\u00ebn, edhe si nip e mbes\u00eb Librazhdi, trokasim n\u00eb shum\u00eb sht\u00ebpi e\u00a0 fshatra t\u00eb Qarkut t\u00eb Elbasanit. Jo rast\u00ebsisht kthimi n\u00eb k\u00ebto treva, lidhet\u00a0 dhe me nj\u00eb fakt tjet\u00ebr t\u00eb jet\u00ebs politike t\u00eb Azemit, p\u00ebrfaq\u00ebsimi si deputet i qarkut t\u00eb Elbasanit n\u00eb mandatin e trete te Parlamentit te Shqiperise.<\/em><\/p>\n<p><em>Rr\u00ebnj\u00ebt e origjin\u00ebs nga\u00a0k\u00ebto treva\u00a0nga ana e n\u00ebn\u00ebs son\u00eb, familjes se saj\u00a0 t\u00eb dhembsur dhe me shum\u00eb mikpritje,\u00a0 na motivojn\u00eb fort\u00a0 dhe na japin besim se\u00a0 gj\u00ebrat do ti ndryshojm\u00eb bashk\u00eb.<\/em><\/p>\n<p><em>Shoh kaq shum dashuri dhe mir\u00ebsi n\u00eb syt\u00eb e t\u00eb moshuarve k\u00ebtyre burrave dhe grave q\u00eb.me aq shum\u00eb\u00a0 dinjitet dhe sakrific\u00eb ushqejn\u00eb familjet, paguajn\u00eb arsimin dhe shkollat e f\u00ebmijve. Cdo dit\u00eb \u00ebsht\u00eb nj\u00eb m\u00ebsim dhe frym\u00ebzim i madh p\u00ebr mua dhe Rudin\u00ebn t\u00eb jetoj dhe t\u00eb ndiej Shqip\u00ebrin\u00eb e v\u00ebrtet, at\u00eb t\u00eb mundit dhe lodhjes s\u00eb p\u00ebrditshme, shpirtin e madh t\u00eb Atdheut ton\u00eb q\u00eb m\u00ebshirohet tek familja.<\/em><\/p>\n<p><em>E nisim dhe e mbyllim dit\u00ebn me bisedat m\u00eb t\u00eb hapura, pa hipokrizi dhe komplimente, me mesazhe zemre e fjal\u00eb t\u00eb thjeshta shpirti , sepse k\u00ebta jan\u00eb shqiptar\u00ebt e thjesht\u00eb, t\u00eb st\u00ebrmunduar nga premtimet e pambajtura t\u00eb politik\u00ebs dhe nga moszgjidhja e halleve.<\/em><\/p>\n<p><em>Miq, rruga dhe porta e kauz\u00ebs\u00a0 son\u00eb \u00ebsht\u00eb e \u00e7elur. Mb\u00ebshtetja dhe p\u00ebrkrahja e gjith\u00ebsecilit \u00ebsht\u00eb shum\u00eb e r\u00ebnd\u00ebsishme. Jet\u00ebt tona do ti jetojm\u00eb n\u00eb Shqip\u00ebri, prandaj nd\u00ebrtimi i s\u00eb ardhmes duhet\u00a0 t\u00eb drejtohet nga vet\u00eb ne.<\/em><\/p>\n<p>&nbsp;<\/p>","protected":false},"excerpt":{"rendered":"<p>Kiri Hajdari, ka vendosur t\u00eb b\u00ebj\u00eb fushat\u00eb, krah t\u00eb motr\u00ebs s\u00eb tij, e cila k\u00ebrkon q\u00eb t\u00eb jet\u00eb pjes\u00eb e Kuvendit, n\u00ebn logon e \u201cNism\u00ebs Thurje\u201d. N\u00ebp\u00ebrmjet nj\u00eb postimi n\u00eb rrjetet sociale, Hajdari shprehet se s\u00eb bashku me t\u00eb motr\u00ebn e tij, ata k\u00ebrkojn\u00eb nj\u00eb Shqip\u00ebri m\u00eb t\u00eb mire, p\u00ebr t\u00eb gjith\u00eb qytetar\u00ebt q\u00eb ndihen [&hellip;]<\/p>\n","protected":false},"author":2016,"featured_media":174063,"comment_status":"closed","ping_status":"closed","sticky":false,"template":"","format":"standard","meta":{"footnotes":""},"categories":[241,1454],"tags":[2077],"class_list":{"0":"post-174061","1":"post","2":"type-post","3":"status-publish","4":"format-standard","5":"has-post-thumbnail","7":"category-aktualitet","8":"category-politike","9":"tag-lajme-zjarr-kiri-hajdari-ben-fushate-per-motren-e-tij-zjarr-tv"},"_links":{"self":[{"href":"https:\/\/zjarr.tv\/en\/wp-json\/wp\/v2\/posts\/174061","targetHints":{"allow":["GET"]}}],"collection":[{"href":"https:\/\/zjarr.tv\/en\/wp-json\/wp\/v2\/posts"}],"about":[{"href":"https:\/\/zjarr.tv\/en\/wp-json\/wp\/v2\/types\/post"}],"author":[{"embeddable":true,"href":"https:\/\/zjarr.tv\/en\/wp-json\/wp\/v2\/users\/2016"}],"replies":[{"embeddable":true,"href":"https:\/\/zjarr.tv\/en\/wp-json\/wp\/v2\/comments?post=174061"}],"version-history":[{"count":0,"href":"https:\/\/zjarr.tv\/en\/wp-json\/wp\/v2\/posts\/174061\/revisions"}],"wp:featuredmedia":[{"embeddable":true,"href":"https:\/\/zjarr.tv\/en\/wp-json\/wp\/v2\/media\/174063"}],"wp:attachment":[{"href":"https:\/\/zjarr.tv\/en\/wp-json\/wp\/v2\/media?parent=174061"}],"wp:term":[{"taxonomy":"category","embeddable":true,"href":"https:\/\/zjarr.tv\/en\/wp-json\/wp\/v2\/categories?post=174061"},{"taxonomy":"post_tag","embeddable":true,"href":"https:\/\/zjarr.tv\/en\/wp-json\/wp\/v2\/tags?post=174061"}],"curies":[{"name":"wp","href":"https:\/\/api.w.org\/{rel}","templated":true}]}}