{"id":174065,"date":"2021-04-02T12:15:52","date_gmt":"2021-04-02T10:15:52","guid":{"rendered":"https:\/\/zjarr.tv\/?p=174065"},"modified":"2021-04-02T12:22:01","modified_gmt":"2021-04-02T10:22:01","slug":"i-pyetur-nese-do-te-hiqet-ndalimi-i-qarkullimit-pas-ores-2000-flet-rama-komiteti-i-eksperteve-nuk-pyet-as-per-mua-as-per-askend","status":"publish","type":"post","link":"https:\/\/zjarr.tv\/en\/i-pyetur-nese-do-te-hiqet-ndalimi-i-qarkullimit-pas-ores-2000-flet-rama-komiteti-i-eksperteve-nuk-pyet-as-per-mua-as-per-askend\/","title":{"rendered":"I pyetur n\u00ebse do t\u00eb hiqet ndalimi i qarkullimit pas or\u00ebs 20:00\/ Flet Rama: Komiteti i Ekspert\u00ebve, nuk pyet as p\u00ebr mua, as p\u00ebr ask\u00ebnd\u2026"},"content":{"rendered":"<p>Dit\u00ebn e sotme, Kryeministri Rama ka zhvilluar nj\u00eb takim me fermer\u00ebt n\u00eb Morav\u00eb, ku u pyet nga nj\u00eb prej tyre p\u00ebr zgjatjen e fash\u00ebs orare q\u00eb kufizon l\u00ebvizjen e qytetar\u00ebve. Rama u shpreh s\u2019e Komiteti Teknik i Ekspert\u00ebve, nuk pyet p\u00ebr kreun e qeveris\u00eb dhe as p\u00ebr ask\u00ebnd tjet\u00ebr n\u00eb vendimet q\u00eb merr. Ai theksoi se ka pasur nj\u00eb k\u00ebrkes\u00eb p\u00ebr rritjen e fash\u00ebs s\u00eb orare, por nuk duhet nxituar n\u00eb vendimmarrje sipas tij.<\/p>\n<p><strong>Fermeri:\u00a0<\/strong>Ndryshimi i orareve fermer\u00ebt i z\u00eb n\u00eb ar\u00eb. Ishte mir\u00eb ai komisioni t\u00eb na d\u00ebgjoj\u00eb dhe ta ngrej\u00eb pak fash\u00ebn e dark\u00ebs?<\/p>\n<p><strong>Edi Rama:\u00a0<\/strong>\u00c7\u00ebshtja \u00ebsht\u00eb q\u00eb ai Komiteti nuk pyet p\u00ebr mua dhe p\u00ebr ask\u00ebnd. Fasha orare nuk pengon pun\u00ebn dhe n\u00ebse aplikohet dhe ju pengon \u00ebsht\u00eb aplikim i gabuar dhe duhet ta zgjidhim. Fasha orare nuk \u00ebsht\u00eb p\u00ebr ata q\u00eb jan\u00eb n\u00eb pun\u00eb. Ka shum\u00eb k\u00ebrkesa p\u00ebr rritjen e fash\u00ebs orare.<\/p>\n<p>&nbsp;<\/p>\n<p>Nuk duhet t\u00eb nxitohemi them un\u00eb p\u00ebr nj\u00eb arsye. Franca pardje u mbyll pardje nga e para. Un\u00eb nuk e di \u00e7a do mbyllin m\u00eb ata.<\/p>\n<p>Un\u00eb isha n\u00eb Paris atje nuk kishte asgj\u00eb, zero, dyqane t\u00eb mbyllura. Vet\u00ebm ushqimore kishte hapur. Se \u00e7far\u00eb do mbyllin m\u00eb shum\u00eb nuk e din\u00eb. \u00cbsht\u00eb kjo vala e tret\u00eb, \u00ebsht\u00eb versioni britanik q\u00eb ishte arsyeja pse na u rrit\u00ebn dhe ne shifrat sepse ka infektueshm\u00ebri 30% m\u00eb shum\u00eb.<\/p>\n<p>Duhet t\u00eb jemi m\u00eb t\u00eb kujdessh\u00ebm q\u00eb ta rrisim vaksinimin. Ne duam t\u00eb shkojm\u00eb n\u00eb gjysm\u00eb milioni t\u00eb vaksinuar brenda Majit dhe pastaj do ndiejm\u00eb nj\u00eb frym\u00ebmarrje. \u00cbsht\u00eb di\u00e7ka q\u00eb e d\u00ebgjojm\u00eb dhe nga t\u00eb tjer\u00eb. Do e shohim si mund ta aplikojm\u00eb n\u00eb zon\u00ebn e fshatit.<\/p>\n<p>Problemi i nat\u00ebs lidhet me jet\u00ebn e nat\u00ebs. Jeta e nat\u00ebs sjell shum\u00eb njer\u00ebz q\u00eb b\u00ebhen miz\u00eb lisi n\u00eb klubet e nat\u00ebs dhe jeta e nat\u00ebs ka prirjen p\u00ebr t\u2019u relaksuar dhe p\u00ebr t\u00eb qen\u00eb m\u00eb pak t\u00eb v\u00ebmendsh\u00ebm. Megjithat\u00eb do e shikojm\u00eb dhe do t\u00eb b\u00ebjm\u00eb m\u00eb t\u00eb mir\u00ebn.<\/p>\n<p>&nbsp;<\/p>","protected":false},"excerpt":{"rendered":"<p>Dit\u00ebn e sotme, Kryeministri Rama ka zhvilluar nj\u00eb takim me fermer\u00ebt n\u00eb Morav\u00eb, ku u pyet nga nj\u00eb prej tyre p\u00ebr zgjatjen e fash\u00ebs orare q\u00eb kufizon l\u00ebvizjen e qytetar\u00ebve. Rama u shpreh s\u2019e Komiteti Teknik i Ekspert\u00ebve, nuk pyet p\u00ebr kreun e qeveris\u00eb dhe as p\u00ebr ask\u00ebnd tjet\u00ebr n\u00eb vendimet q\u00eb merr. Ai theksoi [&hellip;]<\/p>\n","protected":false},"author":2016,"featured_media":174067,"comment_status":"closed","ping_status":"closed","sticky":false,"template":"","format":"standard","meta":{"footnotes":""},"categories":[241],"tags":[2078],"class_list":{"0":"post-174065","1":"post","2":"type-post","3":"status-publish","4":"format-standard","5":"has-post-thumbnail","7":"category-aktualitet","8":"tag-lajme-zjarr-rama-komiteti-i-eksperteve-nuk-pyet-as-per-mua-zjarr-tv"},"_links":{"self":[{"href":"https:\/\/zjarr.tv\/en\/wp-json\/wp\/v2\/posts\/174065","targetHints":{"allow":["GET"]}}],"collection":[{"href":"https:\/\/zjarr.tv\/en\/wp-json\/wp\/v2\/posts"}],"about":[{"href":"https:\/\/zjarr.tv\/en\/wp-json\/wp\/v2\/types\/post"}],"author":[{"embeddable":true,"href":"https:\/\/zjarr.tv\/en\/wp-json\/wp\/v2\/users\/2016"}],"replies":[{"embeddable":true,"href":"https:\/\/zjarr.tv\/en\/wp-json\/wp\/v2\/comments?post=174065"}],"version-history":[{"count":0,"href":"https:\/\/zjarr.tv\/en\/wp-json\/wp\/v2\/posts\/174065\/revisions"}],"wp:featuredmedia":[{"embeddable":true,"href":"https:\/\/zjarr.tv\/en\/wp-json\/wp\/v2\/media\/174067"}],"wp:attachment":[{"href":"https:\/\/zjarr.tv\/en\/wp-json\/wp\/v2\/media?parent=174065"}],"wp:term":[{"taxonomy":"category","embeddable":true,"href":"https:\/\/zjarr.tv\/en\/wp-json\/wp\/v2\/categories?post=174065"},{"taxonomy":"post_tag","embeddable":true,"href":"https:\/\/zjarr.tv\/en\/wp-json\/wp\/v2\/tags?post=174065"}],"curies":[{"name":"wp","href":"https:\/\/api.w.org\/{rel}","templated":true}]}}