{"id":174074,"date":"2021-04-02T12:33:16","date_gmt":"2021-04-02T10:33:16","guid":{"rendered":"https:\/\/zjarr.tv\/?p=174074"},"modified":"2021-04-02T12:33:16","modified_gmt":"2021-04-02T10:33:16","slug":"kam-pare-ne-enderr-ramen-ja-cfare-me-tha-meri-shehu-tregon-fituesin-e-zgjedhjeve-te-25-prillit","status":"publish","type":"post","link":"https:\/\/zjarr.tv\/en\/kam-pare-ne-enderr-ramen-ja-cfare-me-tha-meri-shehu-tregon-fituesin-e-zgjedhjeve-te-25-prillit\/","title":{"rendered":"\u201cKam par\u00eb n\u00eb \u00ebnd\u00ebrr Ram\u00ebn, ja \u00e7far\u00eb m\u00eb tha\u201d, Meri Shehu tregon fituesin e zgjedhjeve t\u00eb 25 Prillit"},"content":{"rendered":"<p>Kemi hyr\u00eb n\u00eb muajin m\u00eb t\u00eb nxeht\u00eb, akoma jo p\u00ebr shkak t\u00eb temperaturave, por nisur nga atmosfera e fushat\u00ebs elektorale.<\/p>\n<p>E ftuar n\u00eb \u201cWake Up\u201d, astrologia e njohur Meri Shehu b\u00ebri parashikimin e saj p\u00ebr zgjedhjet e 25 prillit.<\/p>\n<p>Meri tha se nga t\u00eb dh\u00ebnat e saj, kryeministri Edi Rama e ka shum\u00eb t\u00eb v\u00ebshtir\u00eb, duke shtuar se edhe mund t\u00eb humb\u00eb.<\/p>\n<p>\u201c<em>Rama del me v\u00ebshtir\u00ebsi. N\u00eb baz\u00eb t\u00eb energjis\u00eb time them se kryeministri e ka shum\u00eb t\u00eb v\u00ebshtir\u00eb. E ka shum\u00eb t\u00eb v\u00ebshtir\u00eb, por mund t\u00eb dal\u00eb edhe humb\u00ebs. Un\u00eb kam par\u00eb dhe nj\u00eb \u00ebnd\u00ebrr me Ram\u00ebn. Jo m\u00eb tha: \u2018nuk e fitoj\u2019.<\/em><\/p>\n<p><em>Mjafton t\u00eb shoh \u00ebnd\u00ebrr p\u00ebr nj\u00ebrin dhe del tjetri fitues. \u2018Parketin\u2019 nuk e shtron dot Rama. Nuk \u00ebsht\u00eb p\u00ebrcaktuar ende fati i zgjedhjeve<\/em>\u201d, tha astrologia.<\/p>","protected":false},"excerpt":{"rendered":"<p>Kemi hyr\u00eb n\u00eb muajin m\u00eb t\u00eb nxeht\u00eb, akoma jo p\u00ebr shkak t\u00eb temperaturave, por nisur nga atmosfera e fushat\u00ebs elektorale. E ftuar n\u00eb \u201cWake Up\u201d, astrologia e njohur Meri Shehu b\u00ebri parashikimin e saj p\u00ebr zgjedhjet e 25 prillit. Meri tha se nga t\u00eb dh\u00ebnat e saj, kryeministri Edi Rama e ka shum\u00eb t\u00eb v\u00ebshtir\u00eb, [&hellip;]<\/p>\n","protected":false},"author":2030,"featured_media":174075,"comment_status":"closed","ping_status":"closed","sticky":false,"template":"","format":"standard","meta":{"footnotes":""},"categories":[241],"tags":[],"class_list":{"0":"post-174074","1":"post","2":"type-post","3":"status-publish","4":"format-standard","5":"has-post-thumbnail","7":"category-aktualitet"},"_links":{"self":[{"href":"https:\/\/zjarr.tv\/en\/wp-json\/wp\/v2\/posts\/174074","targetHints":{"allow":["GET"]}}],"collection":[{"href":"https:\/\/zjarr.tv\/en\/wp-json\/wp\/v2\/posts"}],"about":[{"href":"https:\/\/zjarr.tv\/en\/wp-json\/wp\/v2\/types\/post"}],"author":[{"embeddable":true,"href":"https:\/\/zjarr.tv\/en\/wp-json\/wp\/v2\/users\/2030"}],"replies":[{"embeddable":true,"href":"https:\/\/zjarr.tv\/en\/wp-json\/wp\/v2\/comments?post=174074"}],"version-history":[{"count":0,"href":"https:\/\/zjarr.tv\/en\/wp-json\/wp\/v2\/posts\/174074\/revisions"}],"wp:featuredmedia":[{"embeddable":true,"href":"https:\/\/zjarr.tv\/en\/wp-json\/wp\/v2\/media\/174075"}],"wp:attachment":[{"href":"https:\/\/zjarr.tv\/en\/wp-json\/wp\/v2\/media?parent=174074"}],"wp:term":[{"taxonomy":"category","embeddable":true,"href":"https:\/\/zjarr.tv\/en\/wp-json\/wp\/v2\/categories?post=174074"},{"taxonomy":"post_tag","embeddable":true,"href":"https:\/\/zjarr.tv\/en\/wp-json\/wp\/v2\/tags?post=174074"}],"curies":[{"name":"wp","href":"https:\/\/api.w.org\/{rel}","templated":true}]}}