{"id":174080,"date":"2021-04-02T13:12:39","date_gmt":"2021-04-02T11:12:39","guid":{"rendered":"https:\/\/zjarr.tv\/?p=174080"},"modified":"2021-04-02T13:13:07","modified_gmt":"2021-04-02T11:13:07","slug":"qeveria-u-hoqi-pasaportat-diplomatike-de-biazi-mos-doni-tju-kthej-dhe-urdhrin-e-skenderbeut","status":"publish","type":"post","link":"https:\/\/zjarr.tv\/en\/qeveria-u-hoqi-pasaportat-diplomatike-de-biazi-mos-doni-tju-kthej-dhe-urdhrin-e-skenderbeut\/","title":{"rendered":"Qeveria u hoqi pasaportat diplomatike, De Biazi: Mos doni t\u2019ju kthej dhe \u201cUrdhrin e Sk\u00ebnderbeut\u201d\u2026"},"content":{"rendered":"<p>Xhani de Biazi, \u00ebsht\u00eb nj\u00eb tjet\u00ebr shqiptar q\u00eb preket nga vendimi p\u00ebr t\u00eb dor\u00ebzuar pasaport\u00ebn diplomatike brenda dat\u00ebs 1 qershor.<\/p>\n<p>Ish-trajneri i Shqip\u00ebris\u00eb n\u00eb \u201cEuro 2016\u201d dhe pas kualifikimit historik, u pajis edhe ai s\u00eb bashku me skuadr\u00ebn me pasaport\u00eb diplomatike.<\/p>\n<p>K\u00ebrkesa e fundit e Ministris\u00eb p\u00ebr Europ\u00ebn dhe Pun\u00ebt e Jashtme p\u00ebr t\u00eb dor\u00ebzuar dokumentin brenda dat\u00ebs 1 qershor 2021 e ka kapur n\u00eb befasi dhe ai nuk e fsheh trishtimin p\u00ebr situat\u00ebn e krijuar s\u00eb fundmi.<\/p>\n<p>\u201cM\u00eb duket absurde. Pasaporta ime diplomatike skadon n\u00eb vitin 2026, pse duhet ta dor\u00ebzoj 5 vite m\u00eb par\u00eb?\u201d, thot\u00eb De Biazi<\/p>\n<p>M\u00eb tej ka folur edhe p\u00ebr situat\u00ebn e tij n\u00eb krye t\u00eb skuadr\u00ebs s\u00eb Azerbajxhanit dhe p\u00ebr rezultatet e fundit t\u00eb Shqip\u00ebris\u00eb.<\/p>\n<p><em>Mister, a e dini q\u00eb duhet t\u00eb dor\u00ebzoni pasaport\u00ebn diplomatike q\u00eb keni marr\u00eb n\u00eb vitin 2016 n\u00eb Shqip\u00ebri?<\/em><\/p>\n<p>Jo, nuk e di. M\u00eb duket e \u00e7uditshme. Absurde madje. Nuk shoh asnj\u00eb motiv p\u00ebr ta b\u00ebr\u00eb k\u00ebt\u00eb.<\/p>\n<p>Nj\u00eb shkres\u00eb e Ministris\u00eb s\u00eb Jashtme t\u00eb Shqip\u00ebris\u00eb ka mb\u00ebrritur n\u00eb zyrat e FSHF-s\u00eb dhe k\u00ebrkohet q\u00eb t\u00eb dor\u00ebzohen pasaportat diplomatike brenda dat\u00ebs 1 qershor 2021, pasi mbaron vlefshm\u00ebria e tyre\u2026<\/p>\n<p>M\u00eb habit kjo gj\u00eb. S\u00eb pari duhet t\u00eb sakt\u00ebsoj se un\u00eb nuk kam marr\u00eb asnj\u00eb njoftim zyrtar. Thjesht jam informuar nga mediat. N\u00ebse do t\u00eb ndodhte v\u00ebrtet\u00eb k\u00ebshtu, pa dyshim q\u00eb ndiej keqardhje dhe jam i surprizuar me nj\u00eb vendim t\u00eb till\u00eb.<\/p>\n<p><em>Pse ju vjen keq?<\/em><\/p>\n<p>Shikoni, dh\u00ebnia e atij dokumenti (pasaporta diplomatike) \u00ebsht\u00eb nj\u00eb shenj\u00eb mir\u00ebnjohjeje apo vler\u00ebsim i shtetit kundrejt shtetasve t\u00eb tij.<\/p>\n<p>Un\u00eb nuk kam b\u00ebr\u00eb asnj\u00eb shkelje, as nuk ia kam njollosur kurr\u00eb imazhin e Shqip\u00ebris\u00eb diku, p\u00ebrkundrazi mendoj se kam punuar mir\u00eb p\u00ebr sa koh\u00eb isha aty dhe kam folur vet\u00ebm mir\u00eb p\u00ebr Shqip\u00ebrin\u00eb sa her\u00eb q\u00eb m\u00eb \u00ebsht\u00eb dh\u00ebn\u00eb rasti.<\/p>\n<p>Kam vepruar k\u00ebshtu sepse k\u00ebt\u00eb kam ndier, vet\u00ebm dashuri, respekt dhe mir\u00ebnjohje nga Shqip\u00ebria dhe shqiptar\u00ebt. Por, n\u00ebse tani m\u00eb k\u00ebrkojn\u00eb q\u00eb ta kthej mbrapsht at\u00eb dokument, natyrisht q\u00eb m\u00eb l\u00eb nj\u00eb shije t\u00eb hidhur. Nuk gjej motiv. Pse duhet ta kthej mbrapsht pasaport\u00ebn diplomatike kur ajo skadon pas 5 vitesh? M\u00eb duket pa kuptim\u2026<\/p>\n<p><em>N\u00ebse ju vjen zyrtarisht njoftimi, \u00e7far\u00eb do t\u00eb b\u00ebni?<\/em><\/p>\n<p>Do t\u00eb k\u00ebrkoj shpjegime patjet\u00ebr. \u00cbsht\u00eb nj\u00eb gj\u00eb q\u00eb m\u00eb bezdis shum\u00eb, sepse e konsideroj si nj\u00eb mir\u00ebnjohje at\u00eb veprim dhe tani befas ma k\u00ebrkojn\u00eb mbrapsht.<\/p>\n<p>Un\u00eb nuk i kam b\u00ebr\u00eb asnj\u00eb d\u00ebm dhe asnj\u00eb t\u00eb keqe Shqip\u00ebris\u00eb pasi mbarova kontrat\u00ebn e pun\u00ebs aty.<\/p>\n<p>At\u00ebher\u00eb i bie q\u00eb duhet t\u00eb kthej mbrapsht edhe titullin \u201cKalor\u00ebs i Urdhrit t\u00eb Sk\u00ebnderbeut\u201d q\u00eb m\u00eb \u00ebsht\u00eb dh\u00ebn\u00eb nga Presidenti i Republik\u00ebs asokohe? M\u00eb thoni pak, a ka kuptim kjo\u2026?<\/p>\n<p>&nbsp;<\/p>","protected":false},"excerpt":{"rendered":"<p>Xhani de Biazi, \u00ebsht\u00eb nj\u00eb tjet\u00ebr shqiptar q\u00eb preket nga vendimi p\u00ebr t\u00eb dor\u00ebzuar pasaport\u00ebn diplomatike brenda dat\u00ebs 1 qershor. Ish-trajneri i Shqip\u00ebris\u00eb n\u00eb \u201cEuro 2016\u201d dhe pas kualifikimit historik, u pajis edhe ai s\u00eb bashku me skuadr\u00ebn me pasaport\u00eb diplomatike. K\u00ebrkesa e fundit e Ministris\u00eb p\u00ebr Europ\u00ebn dhe Pun\u00ebt e Jashtme p\u00ebr t\u00eb dor\u00ebzuar [&hellip;]<\/p>\n","protected":false},"author":2016,"featured_media":174082,"comment_status":"closed","ping_status":"closed","sticky":false,"template":"","format":"standard","meta":{"footnotes":""},"categories":[241],"tags":[2080],"class_list":{"0":"post-174080","1":"post","2":"type-post","3":"status-publish","4":"format-standard","5":"has-post-thumbnail","7":"category-aktualitet","8":"tag-lajme-zjarr-flet-de-biazi-zjarr-tv"},"_links":{"self":[{"href":"https:\/\/zjarr.tv\/en\/wp-json\/wp\/v2\/posts\/174080","targetHints":{"allow":["GET"]}}],"collection":[{"href":"https:\/\/zjarr.tv\/en\/wp-json\/wp\/v2\/posts"}],"about":[{"href":"https:\/\/zjarr.tv\/en\/wp-json\/wp\/v2\/types\/post"}],"author":[{"embeddable":true,"href":"https:\/\/zjarr.tv\/en\/wp-json\/wp\/v2\/users\/2016"}],"replies":[{"embeddable":true,"href":"https:\/\/zjarr.tv\/en\/wp-json\/wp\/v2\/comments?post=174080"}],"version-history":[{"count":0,"href":"https:\/\/zjarr.tv\/en\/wp-json\/wp\/v2\/posts\/174080\/revisions"}],"wp:featuredmedia":[{"embeddable":true,"href":"https:\/\/zjarr.tv\/en\/wp-json\/wp\/v2\/media\/174082"}],"wp:attachment":[{"href":"https:\/\/zjarr.tv\/en\/wp-json\/wp\/v2\/media?parent=174080"}],"wp:term":[{"taxonomy":"category","embeddable":true,"href":"https:\/\/zjarr.tv\/en\/wp-json\/wp\/v2\/categories?post=174080"},{"taxonomy":"post_tag","embeddable":true,"href":"https:\/\/zjarr.tv\/en\/wp-json\/wp\/v2\/tags?post=174080"}],"curies":[{"name":"wp","href":"https:\/\/api.w.org\/{rel}","templated":true}]}}