{"id":174138,"date":"2021-04-02T17:33:34","date_gmt":"2021-04-02T15:33:34","guid":{"rendered":"https:\/\/zjarr.tv\/?p=174138"},"modified":"2021-04-02T17:33:34","modified_gmt":"2021-04-02T15:33:34","slug":"rudina-hajdari-poston-foton-me-kandidaten-e-partise-demokratike-flutura-acka-nese-duam-te-shkojme-drejt-perendimit-duhet-te-sillemi-si-te-tille","status":"publish","type":"post","link":"https:\/\/zjarr.tv\/en\/rudina-hajdari-poston-foton-me-kandidaten-e-partise-demokratike-flutura-acka-nese-duam-te-shkojme-drejt-perendimit-duhet-te-sillemi-si-te-tille\/","title":{"rendered":"Rudina Hajdari poston foton me kandidaten e Partis\u00eb Demokratike Flutura A\u00e7ka :\u201dN\u00ebse duam t\u00eb shkojm\u00eb drejt per\u00ebndimit, duhet t\u00eb sillemi si t\u00eb till\u00eb\u201d"},"content":{"rendered":"<p>\u2018Kandidatja e Nisma Thurje, Rudina Hajdari ka postuar n\u00eb facebookun e saj nj\u00eb foto me kandidaten e Partis\u00eb Demokratike Flutura A\u00e7ka.<\/p>\n<p>&nbsp;<\/p>\n<p>T\u00eb dyja rivalet duken t\u00eb buz\u00ebqeshura dhe postimin e Hajdarit e shoq\u00ebron mbishkrimi se kjo nuk \u00ebsht\u00eb nj\u00eb luft\u00eb p\u00ebr jet\u00eb a vdekje por \u00ebsht\u00eb thjesht nj\u00eb gar\u00eb idesh sesi\u00a0 vendi mund t\u00eb zhvillohet dhe t\u00eb p\u00ebrparoj\u00eb.<\/p>\n<p>&nbsp;<\/p>\n<p>\u2018P\u00ebrgjat\u00eb fushat\u00ebs der\u00eb m\u00eb der\u00eb sot u hasa me kandidaten rivale, znj. Flutura A\u00e7ka.U takuam, u p\u00ebrsh\u00ebndet\u00ebm, biseduam dhe b\u00ebm\u00eb nj\u00eb foto bashk\u00eb.Gara jon\u00eb nuk \u00ebsht\u00eb e nuk duhet t\u00eb jet\u00eb gar\u00eb muskujsh dhe lufte p\u00ebr jet\u00eb a vdekje por gar\u00eb idesh e parimesh se si vendi ec\u00ebn p\u00ebrpara.\u2019, ka shkruar ajo n\u00eb facebook.<\/p>\n<p>&nbsp;<\/p>\n<p>Hajdari ka k\u00ebrkuar q\u00eb n\u00ebp\u00ebrmjet k\u00ebtij postimi t\u00eb jap\u00eb mesazhin se marrja e pushtetit me dhun\u00eb e forc\u00eb nuk \u00ebsht\u00eb m\u00ebnyra e duhur dhe se kjo gj\u00eb duhet t\u00eb ndryshoj\u00eb.<\/p>\n<p>&nbsp;<\/p>\n<p>Kadidtja e Nisma Thurje e ka konsideruar frym\u00ebn politike n\u00eb Shqip\u00ebri nj\u00eb nga pengesat m\u00eb t\u00eb m\u00ebdha p\u00ebr zhvillimin e vendit.<\/p>\n<p>&nbsp;<\/p>\n<p>\u2018N\u00ebse duam t\u00eb shkojm\u00eb drejt per\u00ebndimit, duhet t\u00eb sillemi si t\u00eb till\u00eb duke nisur nga ne politikan\u00ebt. \u2018, ka shkruar ajo.<\/p>\n<p>&nbsp;<\/p>\n<p>Postimi i plot\u00eb<\/p>\n<p>&nbsp;<\/p>\n<p>P\u00ebrgjat\u00eb fushat\u00ebs der\u00eb m\u00eb der\u00eb sot u hasa me kandidaten rivale, znj. Flutura A\u00e7ka.<\/p>\n<p>&nbsp;<\/p>\n<p>U takuam, u p\u00ebrsh\u00ebndet\u00ebm, biseduam dhe b\u00ebm\u00eb nj\u00eb foto bashk\u00eb.<\/p>\n<p>&nbsp;<\/p>\n<p>Gara jon\u00eb nuk \u00ebsht\u00eb e nuk duhet t\u00eb jet\u00eb gar\u00eb muskujsh dhe lufte p\u00ebr jet\u00eb a vdekje por gar\u00eb idesh e parimesh se si vendi ec\u00ebn p\u00ebrpara.<\/p>\n<p>&nbsp;<\/p>\n<p>Kultura e luft\u00ebs pa skrupuj p\u00ebr pushtet dhe e muskujve q\u00eb tmerrojn\u00eb qytetin e prishin harmonin\u00eb e qytetar\u00ebve duhet t\u00eb marr\u00eb fund.<\/p>\n<p>&nbsp;<\/p>\n<p>N\u00ebse duam t\u00eb shkojm\u00eb drejt per\u00ebndimit, duhet t\u00eb sillemi si t\u00eb till\u00eb duke nisur nga ne politikan\u00ebt.<\/p>","protected":false},"excerpt":{"rendered":"<p>\u2018Kandidatja e Nisma Thurje, Rudina Hajdari ka postuar n\u00eb facebookun e saj nj\u00eb foto me kandidaten e Partis\u00eb Demokratike Flutura A\u00e7ka. &nbsp; T\u00eb dyja rivalet duken t\u00eb buz\u00ebqeshura dhe postimin e Hajdarit e shoq\u00ebron mbishkrimi se kjo nuk \u00ebsht\u00eb nj\u00eb luft\u00eb p\u00ebr jet\u00eb a vdekje por \u00ebsht\u00eb thjesht nj\u00eb gar\u00eb idesh sesi\u00a0 vendi mund t\u00eb [&hellip;]<\/p>\n","protected":false},"author":2031,"featured_media":174139,"comment_status":"closed","ping_status":"closed","sticky":false,"template":"","format":"standard","meta":{"footnotes":""},"categories":[231],"tags":[],"class_list":{"0":"post-174138","1":"post","2":"type-post","3":"status-publish","4":"format-standard","5":"has-post-thumbnail","7":"category-lajme"},"_links":{"self":[{"href":"https:\/\/zjarr.tv\/en\/wp-json\/wp\/v2\/posts\/174138","targetHints":{"allow":["GET"]}}],"collection":[{"href":"https:\/\/zjarr.tv\/en\/wp-json\/wp\/v2\/posts"}],"about":[{"href":"https:\/\/zjarr.tv\/en\/wp-json\/wp\/v2\/types\/post"}],"author":[{"embeddable":true,"href":"https:\/\/zjarr.tv\/en\/wp-json\/wp\/v2\/users\/2031"}],"replies":[{"embeddable":true,"href":"https:\/\/zjarr.tv\/en\/wp-json\/wp\/v2\/comments?post=174138"}],"version-history":[{"count":0,"href":"https:\/\/zjarr.tv\/en\/wp-json\/wp\/v2\/posts\/174138\/revisions"}],"wp:featuredmedia":[{"embeddable":true,"href":"https:\/\/zjarr.tv\/en\/wp-json\/wp\/v2\/media\/174139"}],"wp:attachment":[{"href":"https:\/\/zjarr.tv\/en\/wp-json\/wp\/v2\/media?parent=174138"}],"wp:term":[{"taxonomy":"category","embeddable":true,"href":"https:\/\/zjarr.tv\/en\/wp-json\/wp\/v2\/categories?post=174138"},{"taxonomy":"post_tag","embeddable":true,"href":"https:\/\/zjarr.tv\/en\/wp-json\/wp\/v2\/tags?post=174138"}],"curies":[{"name":"wp","href":"https:\/\/api.w.org\/{rel}","templated":true}]}}