{"id":174142,"date":"2021-04-02T17:48:22","date_gmt":"2021-04-02T15:48:22","guid":{"rendered":"https:\/\/zjarr.tv\/?p=174142"},"modified":"2021-04-02T17:48:22","modified_gmt":"2021-04-02T15:48:22","slug":"rama-dreke-me-mesuesit-e-beratit-dhe-policanit-ne-mandatin-e-trete-ska-me-kthim-pas","status":"publish","type":"post","link":"https:\/\/zjarr.tv\/en\/rama-dreke-me-mesuesit-e-beratit-dhe-policanit-ne-mandatin-e-trete-ska-me-kthim-pas\/","title":{"rendered":"Rama drek\u00eb me m\u00ebsuesit e Beratit dhe Poli\u00e7anit: N\u00eb mandatin e tret\u00eb ska m\u00eb kthim pas"},"content":{"rendered":"<p>Kryeministri Edi Rama ka qen\u00eb sot n\u00eb nj\u00eb drek\u00eb me m\u00ebsuesit e Beratit dhe t\u00eb Poli\u00e7anit ku ka folur n\u00eb lidhje me reformat n\u00eb arsim si dhe fushat\u00ebn zgjedhore.<\/p>\n<p>&nbsp;<\/p>\n<p>Gjat\u00eb takimit ministri i Turizmit dhe Mjedisit Blendi Klosi ka th\u00ebn\u00eb se nuk ka asnj\u00eb p\u00ebrzgjedhje m\u00ebsuesish bazuar n\u00eb bindjet politike dhe e vetmja m\u00ebnyr\u00eb se si pun\u00ebsohen m\u00ebsuesit \u00ebsht\u00eb n\u00ebp\u00ebrmjet portalit M\u00ebsues p\u00ebr Shqip\u00ebrin\u00eb.<\/p>\n<p>&nbsp;<\/p>\n<p>P\u00ebr k\u00ebt\u00eb ka folur edhe kryeministri i cili nuk ka ngurruar t\u00eb thoj\u00eb q\u00eb kjo reform\u00eb e b\u00ebr\u00eb n\u00eb arsim mund t\u00eb ndryshoj\u00eb shum\u00eb shpejt.<\/p>\n<p>&nbsp;<\/p>\n<p>\u2018\u00cbsht\u00eb e gjitha n\u00eb nj\u00eb situat\u00eb q\u00eb mund t\u00eb kthehet mbrapsht shum\u00eb kollaj. Nd\u00ebrkoh\u00eb q\u00eb n\u00eb mandatin e tret\u00eb gj\u00ebrat do t\u00eb b\u00ebhen t\u00eb pakthyeshme p\u00ebrfundimisht dhe sdo ket\u00eb m\u00eb kush t\u00eb guxoj\u00eb ti prek\u00eb dhe ti kthej\u00eb prapa sepse do t\u00eb jen\u00eb kthyer n\u00eb tradit\u00eb.\u2019, ka th\u00ebn\u00eb kryeministri gjat\u00eb takimit me m\u00ebsuesit e Beratit dhe t\u00eb Poli\u00e7anit.<\/p>\n<p>&nbsp;<\/p>\n<p>Ai po ashtu ka treguar rastin e nj\u00eb pronari subjekti q\u00eb e kishte\u00a0 ftuar n\u00eb drek\u00eb i cili ishte p\u00ebrgjigjur se do t\u00eb kishte ardhur me k\u00ebnaq\u00ebsi por nuk mundej pasi ishte i angazhuar me fushat\u00ebn e Partis\u00eb Demokratike.<\/p>\n<p>&nbsp;<\/p>\n<p>\u201cMora nj\u00eb sms nga nj\u00eb subjekt q\u00eb e kemi m\u00ebshtetur dhe q\u00eb shkruante; \u201cDo t\u00eb prisja m\u00eb shume mall, por me k\u00ebt\u00eb periudh\u00eb jam i angazhuar me fushat\u00ebn me PD\u201d. I thash; \u201cOk! Suksese n\u00eb fushat\u00eb, takohemi pas 25 prillit. Pavar\u00ebsisht se do t\u00eb humb\u00ebsh, si njeri q\u00eb meriton mb\u00ebshtetje, do t\u00eb jesh n\u00eb mb\u00ebshtetjen ton\u00eb\u201d, tha Rama.<\/p>\n<p>&nbsp;<\/p>\n<p>Kryeministri gjithashtu nuk ka harruar t\u00eb ironizoj\u00eb Partin\u00eb Demokratike apo t\u00eb p\u00ebrmend\u00eb ish-kryeministrin Berisha teksa k\u00ebrkoi nj\u00eb got\u00eb raki p\u00ebr t\u00eb b\u00ebr\u00eb g\u00ebzuar.<\/p>\n<p>&nbsp;<\/p>\n<p>\u2018Do t\u00eb na akuzoj\u00eb Berisha se garda e mban rakin\u00eb p\u00ebr vete.\u2019, ka th\u00ebn\u00eb ai.<\/p>","protected":false},"excerpt":{"rendered":"<p>Kryeministri Edi Rama ka qen\u00eb sot n\u00eb nj\u00eb drek\u00eb me m\u00ebsuesit e Beratit dhe t\u00eb Poli\u00e7anit ku ka folur n\u00eb lidhje me reformat n\u00eb arsim si dhe fushat\u00ebn zgjedhore. &nbsp; Gjat\u00eb takimit ministri i Turizmit dhe Mjedisit Blendi Klosi ka th\u00ebn\u00eb se nuk ka asnj\u00eb p\u00ebrzgjedhje m\u00ebsuesish bazuar n\u00eb bindjet politike dhe e vetmja m\u00ebnyr\u00eb [&hellip;]<\/p>\n","protected":false},"author":2031,"featured_media":174143,"comment_status":"closed","ping_status":"closed","sticky":false,"template":"","format":"standard","meta":{"footnotes":""},"categories":[231],"tags":[],"class_list":{"0":"post-174142","1":"post","2":"type-post","3":"status-publish","4":"format-standard","5":"has-post-thumbnail","7":"category-lajme"},"_links":{"self":[{"href":"https:\/\/zjarr.tv\/en\/wp-json\/wp\/v2\/posts\/174142","targetHints":{"allow":["GET"]}}],"collection":[{"href":"https:\/\/zjarr.tv\/en\/wp-json\/wp\/v2\/posts"}],"about":[{"href":"https:\/\/zjarr.tv\/en\/wp-json\/wp\/v2\/types\/post"}],"author":[{"embeddable":true,"href":"https:\/\/zjarr.tv\/en\/wp-json\/wp\/v2\/users\/2031"}],"replies":[{"embeddable":true,"href":"https:\/\/zjarr.tv\/en\/wp-json\/wp\/v2\/comments?post=174142"}],"version-history":[{"count":0,"href":"https:\/\/zjarr.tv\/en\/wp-json\/wp\/v2\/posts\/174142\/revisions"}],"wp:featuredmedia":[{"embeddable":true,"href":"https:\/\/zjarr.tv\/en\/wp-json\/wp\/v2\/media\/174143"}],"wp:attachment":[{"href":"https:\/\/zjarr.tv\/en\/wp-json\/wp\/v2\/media?parent=174142"}],"wp:term":[{"taxonomy":"category","embeddable":true,"href":"https:\/\/zjarr.tv\/en\/wp-json\/wp\/v2\/categories?post=174142"},{"taxonomy":"post_tag","embeddable":true,"href":"https:\/\/zjarr.tv\/en\/wp-json\/wp\/v2\/tags?post=174142"}],"curies":[{"name":"wp","href":"https:\/\/api.w.org\/{rel}","templated":true}]}}