{"id":174147,"date":"2021-04-02T18:30:05","date_gmt":"2021-04-02T16:30:05","guid":{"rendered":"https:\/\/zjarr.tv\/?p=174147"},"modified":"2021-04-02T18:30:05","modified_gmt":"2021-04-02T16:30:05","slug":"maliqi-kryegomarit-te-rilindjes-do-ia-heqe-populli-samarin-me-25-prill-nuk-do-hyje-me-ne-pune-per-asgje","status":"publish","type":"post","link":"https:\/\/zjarr.tv\/en\/maliqi-kryegomarit-te-rilindjes-do-ia-heqe-populli-samarin-me-25-prill-nuk-do-hyje-me-ne-pune-per-asgje\/","title":{"rendered":"Maliqi: Kryegomarit t\u00eb Rilindjes do ia heq\u00eb populli samarin m\u00eb 25 Prill, nuk do hyj\u00eb m\u00eb n\u00eb pun\u00eb p\u00ebr asgj\u00eb"},"content":{"rendered":"<p>Kandidati p\u00ebr deputet i LSI-s\u00eb, n\u00eb qarkun e Beratit, Lefter Maliqi p\u00ebrmes nj\u00eb postimi n\u00eb Facebook shkruan se Berati po e braktis kryeministrin Rama.<\/p>\n<p>Duke marr\u00eb krahasimin e Ram\u00ebs, Maliqi shton se kryegomarit t\u00eb Rilindjes do ia heq\u00eb populli samarin m\u00eb 25 Prill dhe nuk do hyj\u00eb m\u00eb n\u00eb pun\u00eb p\u00ebr asgj\u00eb.<\/p>\n<p><strong>Maliqi:<\/strong>\u00a0<em>Berati braktis p\u00ebrfundimisht Kryerilindasin. Ramziu p\u00ebrfundoi duke takuar gomer\u00ebt, por edhe ata nuk e afronin se i trembte. Kryegomarit t\u00eb Rilindjes do ia heq\u00eb Populli samarin m\u00eb 25 Prill dhe nuk do hyj\u00eb m\u00eb n\u00eb pun\u00eb p\u00ebr asgj\u00eb. Si\u00e7 dogji Shametin, Felajn, po djeg Klosin dhe Na\u00e7on, ku k\u00ebtij t\u00eb fundit i premtoi vendin e dyt\u00eb n\u00eb list\u00eb, por e shiti. Kryegomari i Rilindjes, n\u00eb Berat do marr\u00eb humbjen m\u00eb t\u00eb thell\u00eb n\u00eb historin\u00eb e s\u00eb majt\u00ebs. K\u00ebt\u00eb her\u00eb ngush\u00ebllohu se takove gomer\u00ebt, por her\u00ebn tjet\u00ebr do t\u00eb t\u00eb presin laraskat dhe do t\u00eb t\u00eb k\u00ebndojn\u00eb kumrijet n\u00eb Berat.<\/em><\/p>\n<p>&nbsp;<\/p>","protected":false},"excerpt":{"rendered":"<p>Kandidati p\u00ebr deputet i LSI-s\u00eb, n\u00eb qarkun e Beratit, Lefter Maliqi p\u00ebrmes nj\u00eb postimi n\u00eb Facebook shkruan se Berati po e braktis kryeministrin Rama. Duke marr\u00eb krahasimin e Ram\u00ebs, Maliqi shton se kryegomarit t\u00eb Rilindjes do ia heq\u00eb populli samarin m\u00eb 25 Prill dhe nuk do hyj\u00eb m\u00eb n\u00eb pun\u00eb p\u00ebr asgj\u00eb. Maliqi:\u00a0Berati braktis p\u00ebrfundimisht [&hellip;]<\/p>\n","protected":false},"author":2030,"featured_media":174148,"comment_status":"closed","ping_status":"closed","sticky":false,"template":"","format":"standard","meta":{"footnotes":""},"categories":[241,1454],"tags":[],"class_list":{"0":"post-174147","1":"post","2":"type-post","3":"status-publish","4":"format-standard","5":"has-post-thumbnail","7":"category-aktualitet","8":"category-politike"},"_links":{"self":[{"href":"https:\/\/zjarr.tv\/en\/wp-json\/wp\/v2\/posts\/174147","targetHints":{"allow":["GET"]}}],"collection":[{"href":"https:\/\/zjarr.tv\/en\/wp-json\/wp\/v2\/posts"}],"about":[{"href":"https:\/\/zjarr.tv\/en\/wp-json\/wp\/v2\/types\/post"}],"author":[{"embeddable":true,"href":"https:\/\/zjarr.tv\/en\/wp-json\/wp\/v2\/users\/2030"}],"replies":[{"embeddable":true,"href":"https:\/\/zjarr.tv\/en\/wp-json\/wp\/v2\/comments?post=174147"}],"version-history":[{"count":0,"href":"https:\/\/zjarr.tv\/en\/wp-json\/wp\/v2\/posts\/174147\/revisions"}],"wp:featuredmedia":[{"embeddable":true,"href":"https:\/\/zjarr.tv\/en\/wp-json\/wp\/v2\/media\/174148"}],"wp:attachment":[{"href":"https:\/\/zjarr.tv\/en\/wp-json\/wp\/v2\/media?parent=174147"}],"wp:term":[{"taxonomy":"category","embeddable":true,"href":"https:\/\/zjarr.tv\/en\/wp-json\/wp\/v2\/categories?post=174147"},{"taxonomy":"post_tag","embeddable":true,"href":"https:\/\/zjarr.tv\/en\/wp-json\/wp\/v2\/tags?post=174147"}],"curies":[{"name":"wp","href":"https:\/\/api.w.org\/{rel}","templated":true}]}}