{"id":174182,"date":"2021-04-03T08:40:03","date_gmt":"2021-04-03T06:40:03","guid":{"rendered":"https:\/\/zjarr.tv\/?p=174182"},"modified":"2021-04-03T08:40:49","modified_gmt":"2021-04-03T06:40:49","slug":"edi-rama-e-padrejte-humbja-e-gjyqit-110-milione-eurosh-fajin-e-ka-meta-dhe-pd-reagim-i-neveritshem","status":"publish","type":"post","link":"https:\/\/zjarr.tv\/en\/edi-rama-e-padrejte-humbja-e-gjyqit-110-milione-eurosh-fajin-e-ka-meta-dhe-pd-reagim-i-neveritshem\/","title":{"rendered":"Edi Rama: E padrejt\u00eb humbja e gjyqit 110 milion\u00eb eurosh, Kryeministri akuza Met\u00ebs dhe PD-s\u00eb, reagim i neveritsh\u00ebm\u2026"},"content":{"rendered":"<p>Pas lajmit s\u2019e Shqip\u00ebria humbi p\u00ebrfundimisht, gjyqin me sip\u00ebrmarr\u00ebsin italian Francesco Becchetti, lidhur me d\u00ebmshp\u00ebrblimin e k\u00ebrkuar nga ai p\u00ebr mbylljen e televizionit \u201cAgon\u201d n\u00eb vitin 2015-t\u00eb, ka reaguar Kryeministri Edi Rama.<\/p>\n<p>Rama ka th\u00ebn\u00eb s\u2019e ky \u00ebsht\u00eb nj\u00eb vendim i padrejt\u00eb, i arbitrazhit n\u00eb favor t\u00eb nj\u00eb individi q\u00eb k\u00ebrkohet nga drejt\u00ebsia shqiptare.<\/p>\n<p>Nd\u00ebrkoh\u00eb Rama ka hedhur akuza ndaj Met\u00ebs dhe Partis\u00eb Demokratike, pasi m\u00eb her\u00ebt kan\u00eb reaguar kund\u00ebr tij, sa i p\u00ebrket humbjes s\u00eb gjyqit, ku Shqip\u00ebris\u00eb do i duhet t\u00eb paguaj 110 milion\u00eb euro. Gjithashtu, Rama shprehet se Shqip\u00ebria ka fituar tre nga kat\u00ebr gjyqet nd\u00ebrkomb\u00ebtare ndaj sip\u00ebrmarr\u00ebsit.<br \/>\n<strong><br \/>\n<em>Postimi i Ram\u00ebs:\u00a0<\/em><\/strong><em>\u201cG\u00ebzimi i Ilir Met\u00ebs dhe i Lulepartis\u00eb p\u00ebr vendimin e padrejt\u00eb t\u00eb arbitrazhit n\u00eb favor t\u00eb nj\u00eb individi q\u00eb k\u00ebrkohet nga drejt\u00ebsia shqiptare \u00ebsht\u00eb sa i neveritsh\u00ebm, aq dhe i parakohsh\u00ebm! Shqip\u00ebria ka fituar tre nga kat\u00ebr gjyqet nd\u00ebrkomb\u00ebtare ndaj k\u00ebtij marifet\u00e7iu! G\u00ebzimi sharlatanesk i Presidentit mendjehumbur dhe i partis\u00eb q\u00eb p\u00ebr pushtet po infekton p\u00ebrdit\u00eb shqiptar\u00ebt, do t\u00eb zgjas\u00eb pak dhe ata do t\u00eb humbasin, jo Shqip\u00ebria!\u201d\u00a0<\/em><\/p>\n<p>Por, i menj\u00ebhersh\u00ebm ka qen\u00eb edhe Reagimi i Partis\u00eb Demokratike, t\u00eb cil\u00ebt kan\u00eb th\u00ebn\u00eb s\u2019e shum\u00eb shpejt Rama do largohet dhe Shqip\u00ebria, e q\u00eb do t\u00eb ket\u00eb nj\u00eb qeverisje t\u00eb p\u00ebrgjegjshme.<\/p>\n<p><strong><em>Reagimi i PD-s\u00eb:\u00a0<\/em><\/strong><em>Edhe n\u00eb dit\u00ebn kur i duhet t\u00eb p\u00ebrballet me d\u00ebshtimin e radh\u00ebs, Rama nuk b\u00ebn gj\u00eb tjet\u00ebr vet\u00ebm se merret PD dhe opozit\u00ebn. Shqip\u00ebria ngeli n\u00eb balt\u00eb me Ram\u00ebn p\u00ebr 8 vjet- ky \u00ebsht\u00eb fakt, sikund\u00ebr mbetet po fakt q\u00eb shqiptar\u00ebt duhet t\u00eb paguajn\u00eb 4560 lek\u00eb t\u00eb reja nga xhepi, k\u00ebt\u00eb her\u00eb p\u00ebr shkak t\u00eb arroganc\u00ebs s\u00eb Edi Ram\u00ebs. \u00cbsht\u00eb koha p\u00ebr ndryshim, q\u00eb Shqip\u00ebria t\u00eb ket\u00eb nj\u00eb qeverisje t\u00eb p\u00ebrgjegjshme. K\u00ebt\u00eb do ta vendosin shqiptar\u00ebt me vot\u00ebn e tyre n\u00eb 25 prill. Dit\u00ebn kur Rama do t\u00eb humb\u00eb dhe Shqip\u00ebria do t\u00eb fitoj\u00eb.\u201d<\/em><\/p>\n<p>Kujtojm\u00eb se m\u00eb her\u00ebt, ka qen\u00eb Presidenti Meta, i cili ka k\u00ebrkuar nga SPAK t\u00eb nis\u00eb hetimet, pasi sipas tij Avokatura e Shtetit e ka g\u00ebnjyer n\u00eb lidhje me procesin gjyq\u00ebsor.<br \/>\n<strong><br \/>\n<em>Reagimi i Met\u00ebs:\u00a0<\/em><\/strong><em>E kam paralajm\u00ebruar prej koh\u00ebsh Qeverin\u00eb ende n\u00eb detyr\u00eb t\u00eb heq\u00eb dor\u00eb nga arroganca dhe t\u00eb t\u00ebrhiqet nga \u00e7do vendim abuziv e jasht\u00eb procedurave ligjore ndaj investitor\u00ebve t\u00eb huaj n\u00eb vendin ton\u00eb. Vet\u00ebm p\u00ebr tekat dhe kapri\u00e7ot personale t\u00eb Kryeministrit, i cili e urren edhe lirin\u00eb e medias, tashm\u00eb Shqip\u00ebria \u00ebsht\u00eb e detyruar t\u00eb paguaj\u00eb 110 milion euro. Skandali merr p\u00ebrmasa m\u00eb t\u00eb m\u00ebdha, p\u00ebr shkak se Avokatura e Shtetit e ka g\u00ebnjyer Presidentin e Republik\u00ebs duke pretenduar se nuk e ka humbur gjyqin me kompanin\u00eb n\u00eb fjal\u00eb, madje duke fshehur informacion.N\u00eb k\u00ebto kushte, i b\u00ebj thirrje Prokuroris\u00eb s\u00eb Posa\u00e7me, (SPAK), t\u00eb nis\u00eb urgjentisht hetimet penale p\u00ebr k\u00ebt\u00eb d\u00ebm t\u00eb madh ekonomik t\u00eb shkaktuar shtetit dhe q\u00eb do paguhet fatkeq\u00ebsisht me parat\u00eb e t\u00eb gjith\u00eb taksapaguesve shqiptar\u00eb. \u00cbsht\u00eb koha, q\u00eb Drejt\u00ebsia t\u00eb vendos\u00eb para p\u00ebrgjegj\u00ebsis\u00eb ligjore, t\u00eb gjith\u00eb shkaktar\u00ebt e k\u00ebtij d\u00ebmi ekonomik, edhe p\u00ebr t\u00eb parandaluar n\u00eb t\u00eb ardhmen d\u00ebme m\u00eb t\u00eb m\u00ebdha p\u00ebr Buxhetin e Shtetit dhe taksapaguesit shqiptar\u00eb, p\u00ebr shkak t\u00eb shp\u00ebrdorimit t\u00eb detyr\u00ebs me pushtetin t\u00eb zyrtar\u00ebve t\u00eb lart\u00eb.\u201d<\/em><\/p>\n<p>Qendra Nd\u00ebrkomb\u00ebtare p\u00ebr Zgjidhjen e Mosmarr\u00ebveshjeve t\u00eb Investimeve (ICSID) nj\u00eb gjykat\u00eb arbitrazhi, pjes\u00eb e Bank\u00ebs Bot\u00ebrore, e d\u00ebnoi Shqip\u00ebrin\u00eb n\u00eb Prill t\u00eb vitit 2019-t\u00eb me 110 milion euro, duke gjykuar se mbyllja e televizionit ishte \u201cmotivuar politikisht\u201d. Ky d\u00ebnim p\u00ebrfaq\u00ebson dhe vler\u00ebn m\u00eb t\u00eb lart\u00eb me t\u00eb cil\u00ebn Shqip\u00ebria \u00ebsht\u00eb d\u00ebnuar nga nj\u00eb gjykat\u00eb arbitrazhi. Autoritetet shqiptare reaguan duke k\u00ebrkuar anulimin e vendimit t\u00eb marr\u00eb.<\/p>\n<p>K\u00ebrkesa e pal\u00ebs shqiptare, u bazua te shkelja e procedurave gjat\u00eb procesit t\u00eb arbitrazhit, por Komisioni Ad Hoc i ngritur p\u00ebr shqyrtimin e rastit, nuk e ka gjetur t\u00eb drejt\u00eb pretendimin e pal\u00ebs shqiptare, e cila do t\u00eb duhet tanim\u00eb t\u00eb paguaj\u00eb d\u00ebmshp\u00ebrblimin prej 110 milion eurosh.<\/p>\n<p>&nbsp;<\/p>","protected":false},"excerpt":{"rendered":"<p>Pas lajmit s\u2019e Shqip\u00ebria humbi p\u00ebrfundimisht, gjyqin me sip\u00ebrmarr\u00ebsin italian Francesco Becchetti, lidhur me d\u00ebmshp\u00ebrblimin e k\u00ebrkuar nga ai p\u00ebr mbylljen e televizionit \u201cAgon\u201d n\u00eb vitin 2015-t\u00eb, ka reaguar Kryeministri Edi Rama. Rama ka th\u00ebn\u00eb s\u2019e ky \u00ebsht\u00eb nj\u00eb vendim i padrejt\u00eb, i arbitrazhit n\u00eb favor t\u00eb nj\u00eb individi q\u00eb k\u00ebrkohet nga drejt\u00ebsia shqiptare. Nd\u00ebrkoh\u00eb [&hellip;]<\/p>\n","protected":false},"author":2016,"featured_media":174184,"comment_status":"closed","ping_status":"closed","sticky":false,"template":"","format":"standard","meta":{"footnotes":""},"categories":[241],"tags":[2083],"class_list":{"0":"post-174182","1":"post","2":"type-post","3":"status-publish","4":"format-standard","5":"has-post-thumbnail","7":"category-aktualitet","8":"tag-lajme-zjarr-rama-e-padrejte-humbja-e-gjyqit-110-milione-eurosh-zjarr-tv"},"_links":{"self":[{"href":"https:\/\/zjarr.tv\/en\/wp-json\/wp\/v2\/posts\/174182","targetHints":{"allow":["GET"]}}],"collection":[{"href":"https:\/\/zjarr.tv\/en\/wp-json\/wp\/v2\/posts"}],"about":[{"href":"https:\/\/zjarr.tv\/en\/wp-json\/wp\/v2\/types\/post"}],"author":[{"embeddable":true,"href":"https:\/\/zjarr.tv\/en\/wp-json\/wp\/v2\/users\/2016"}],"replies":[{"embeddable":true,"href":"https:\/\/zjarr.tv\/en\/wp-json\/wp\/v2\/comments?post=174182"}],"version-history":[{"count":0,"href":"https:\/\/zjarr.tv\/en\/wp-json\/wp\/v2\/posts\/174182\/revisions"}],"wp:featuredmedia":[{"embeddable":true,"href":"https:\/\/zjarr.tv\/en\/wp-json\/wp\/v2\/media\/174184"}],"wp:attachment":[{"href":"https:\/\/zjarr.tv\/en\/wp-json\/wp\/v2\/media?parent=174182"}],"wp:term":[{"taxonomy":"category","embeddable":true,"href":"https:\/\/zjarr.tv\/en\/wp-json\/wp\/v2\/categories?post=174182"},{"taxonomy":"post_tag","embeddable":true,"href":"https:\/\/zjarr.tv\/en\/wp-json\/wp\/v2\/tags?post=174182"}],"curies":[{"name":"wp","href":"https:\/\/api.w.org\/{rel}","templated":true}]}}