{"id":174193,"date":"2021-04-03T09:33:18","date_gmt":"2021-04-03T07:33:18","guid":{"rendered":"https:\/\/zjarr.tv\/?p=174193"},"modified":"2021-04-03T09:33:43","modified_gmt":"2021-04-03T07:33:43","slug":"edi-rama-shperthen-keq-kam-7-vjet-e-kusur-qe-nuk-fle-gjume","status":"publish","type":"post","link":"https:\/\/zjarr.tv\/en\/edi-rama-shperthen-keq-kam-7-vjet-e-kusur-qe-nuk-fle-gjume\/","title":{"rendered":"Edi Rama shp\u00ebrthen keq: Kam 7 vjet e kusur q\u00eb nuk fle gjum\u00eb\u2026"},"content":{"rendered":"<p>Kryeministri Edi Rama, njoftoi \u00a0p\u00ebr 23 mij\u00eb doza t\u00eb tjera t\u00eb vaksin\u00ebs Pfizer, brenda muajit Prill, q\u00eb do vijn\u00eb n\u00eb Shqip\u00ebri, menj\u00ebher\u00eb pas k\u00ebtij njoftimi, reagimet n\u00eb rrjetet sociale nga qytetar\u00ebt kan\u00eb qen\u00eb t\u00eb shumta. Nj\u00eb nga komentuesit i shkruan; se e gjith\u00eb kjo po b\u00ebhet vet\u00ebm p\u00ebr zgjedhjet e 25 Prillit.<\/p>\n<p><strong style=\"font-style: inherit;\">Replika:<\/strong><\/p>\n<p><strong style=\"font-style: inherit;\"> Qytetari:<\/strong>\u00a0<em style=\"font-weight: inherit;\">Duhet me than shyqyr qe jan zgjedhjet e i jepni vedit ifije me u duk mir ne sy te njerzve per me marr naj vote \u2026\u2026.se kam vec per ty por edhe per anen tjeter \u2026.<\/em><\/p>\n<p><strong style=\"font-style: inherit;\">Rama:<\/strong>\u00a0<em style=\"font-weight: inherit;\">Po po, se gjithe keto pune behen per nje muaj qe jane zgjedhjet! Ore keni mend ne koke ju qe flisni keshtu a jo, po syte qe i keni top per ca i keni apo flet goja thuaj se ka punen e vet! Jo mor zotni jo, nuk kam lidhje une me asnje ane tjeter, se kam 7 vjet e kusur qe nuk fle gjume!<\/em><\/p>\n<p>&nbsp;<\/p>","protected":false},"excerpt":{"rendered":"<p>Kryeministri Edi Rama, njoftoi \u00a0p\u00ebr 23 mij\u00eb doza t\u00eb tjera t\u00eb vaksin\u00ebs Pfizer, brenda muajit Prill, q\u00eb do vijn\u00eb n\u00eb Shqip\u00ebri, menj\u00ebher\u00eb pas k\u00ebtij njoftimi, reagimet n\u00eb rrjetet sociale nga qytetar\u00ebt kan\u00eb qen\u00eb t\u00eb shumta. Nj\u00eb nga komentuesit i shkruan; se e gjith\u00eb kjo po b\u00ebhet vet\u00ebm p\u00ebr zgjedhjet e 25 Prillit. Replika: Qytetari:\u00a0Duhet me [&hellip;]<\/p>\n","protected":false},"author":2016,"featured_media":174195,"comment_status":"closed","ping_status":"closed","sticky":false,"template":"","format":"standard","meta":{"footnotes":""},"categories":[241],"tags":[2086],"class_list":{"0":"post-174193","1":"post","2":"type-post","3":"status-publish","4":"format-standard","5":"has-post-thumbnail","7":"category-aktualitet","8":"tag-lajme-zjarr-rama-kam-7-vjet-e-kusur-qe-nuk-fle-gjume-zjarr-tv"},"_links":{"self":[{"href":"https:\/\/zjarr.tv\/en\/wp-json\/wp\/v2\/posts\/174193","targetHints":{"allow":["GET"]}}],"collection":[{"href":"https:\/\/zjarr.tv\/en\/wp-json\/wp\/v2\/posts"}],"about":[{"href":"https:\/\/zjarr.tv\/en\/wp-json\/wp\/v2\/types\/post"}],"author":[{"embeddable":true,"href":"https:\/\/zjarr.tv\/en\/wp-json\/wp\/v2\/users\/2016"}],"replies":[{"embeddable":true,"href":"https:\/\/zjarr.tv\/en\/wp-json\/wp\/v2\/comments?post=174193"}],"version-history":[{"count":0,"href":"https:\/\/zjarr.tv\/en\/wp-json\/wp\/v2\/posts\/174193\/revisions"}],"wp:featuredmedia":[{"embeddable":true,"href":"https:\/\/zjarr.tv\/en\/wp-json\/wp\/v2\/media\/174195"}],"wp:attachment":[{"href":"https:\/\/zjarr.tv\/en\/wp-json\/wp\/v2\/media?parent=174193"}],"wp:term":[{"taxonomy":"category","embeddable":true,"href":"https:\/\/zjarr.tv\/en\/wp-json\/wp\/v2\/categories?post=174193"},{"taxonomy":"post_tag","embeddable":true,"href":"https:\/\/zjarr.tv\/en\/wp-json\/wp\/v2\/tags?post=174193"}],"curies":[{"name":"wp","href":"https:\/\/api.w.org\/{rel}","templated":true}]}}