{"id":174196,"date":"2021-04-03T09:46:11","date_gmt":"2021-04-03T07:46:11","guid":{"rendered":"https:\/\/zjarr.tv\/?p=174196"},"modified":"2021-04-03T10:05:13","modified_gmt":"2021-04-03T08:05:13","slug":"taulant-balla-jemi-ne-te-njejtin-nivel-vaksinimi-me-gjermanine-sepse-e-kemi-per-nder-tu-sherbejme","status":"publish","type":"post","link":"https:\/\/zjarr.tv\/en\/taulant-balla-jemi-ne-te-njejtin-nivel-vaksinimi-me-gjermanine-sepse-e-kemi-per-nder-tu-sherbejme\/","title":{"rendered":"Taulant Balla: Jemi n\u00eb t\u00eb nj\u00ebjtin nivel vaksinimi me Gjermanin\u00eb, sepse e kemi p\u00ebr nder t\u2019u sh\u00ebrbejm\u00eb\u2026"},"content":{"rendered":"<p>Taulant Balla, me an\u00eb t\u00eb nj\u00eb postimi n\u00eb Facebook, ka komentuar procesin e vaksinimit n\u00eb Shqip\u00ebri, ku e ka krahasuar me at\u00eb n\u00eb Gjermani.<\/p>\n<p>Sipas Ball\u00ebs, ndon\u00ebse me ekonomi jo t\u00eb nj\u00ebjt\u00eb, vendi yn\u00eb \u00ebsht\u00eb n\u00eb t\u00eb nj\u00ebjtin nivel vaksinimi, me shtetin gjerman.<\/p>\n<p>\u201cNe nuk jemi t\u00eb dyt\u00ebt pas Gjermanis\u00eb n\u00eb ekonomi apo sh\u00ebrbim sh\u00ebndet\u00ebsor, por sot jemi n\u00eb t\u00eb nj\u00ebjtin nivel vaksinimi me vendin q\u00eb ka ekonomin\u00eb m\u00eb t\u00eb fort\u00eb n\u00eb Europ\u00eb. Nderi \u00ebsht\u00eb i gjithi i yni q\u00eb kemi privilegjin e jasht\u00ebzakonsh\u00ebm t\u2019ju sh\u00ebrbejm\u00eb juve, gjysheve e gjysh\u00ebrve t\u00eb Shqip\u00ebris\u00eb, n\u00eb k\u00ebt\u00eb koh\u00eb lufte ku me durim e k\u00ebmb\u00ebngulje t\u00eb madhe, po e fitojm\u00eb p\u00ebrdit\u00eb p\u00ebrballjen me m\u00eb t\u00eb keqen!\u201d, shkruan Taulant Balla.<\/p>\n<p>&nbsp;<\/p>","protected":false},"excerpt":{"rendered":"<p>Taulant Balla, me an\u00eb t\u00eb nj\u00eb postimi n\u00eb Facebook, ka komentuar procesin e vaksinimit n\u00eb Shqip\u00ebri, ku e ka krahasuar me at\u00eb n\u00eb Gjermani. Sipas Ball\u00ebs, ndon\u00ebse me ekonomi jo t\u00eb nj\u00ebjt\u00eb, vendi yn\u00eb \u00ebsht\u00eb n\u00eb t\u00eb nj\u00ebjtin nivel vaksinimi, me shtetin gjerman. \u201cNe nuk jemi t\u00eb dyt\u00ebt pas Gjermanis\u00eb n\u00eb ekonomi apo sh\u00ebrbim sh\u00ebndet\u00ebsor, [&hellip;]<\/p>\n","protected":false},"author":2016,"featured_media":174198,"comment_status":"closed","ping_status":"closed","sticky":false,"template":"","format":"standard","meta":{"footnotes":""},"categories":[241],"tags":[2087],"class_list":{"0":"post-174196","1":"post","2":"type-post","3":"status-publish","4":"format-standard","5":"has-post-thumbnail","7":"category-aktualitet","8":"tag-lajme-zjarr-balla-e-kemi-per-nder-tu-sherbejme-zjarr-tv"},"_links":{"self":[{"href":"https:\/\/zjarr.tv\/en\/wp-json\/wp\/v2\/posts\/174196","targetHints":{"allow":["GET"]}}],"collection":[{"href":"https:\/\/zjarr.tv\/en\/wp-json\/wp\/v2\/posts"}],"about":[{"href":"https:\/\/zjarr.tv\/en\/wp-json\/wp\/v2\/types\/post"}],"author":[{"embeddable":true,"href":"https:\/\/zjarr.tv\/en\/wp-json\/wp\/v2\/users\/2016"}],"replies":[{"embeddable":true,"href":"https:\/\/zjarr.tv\/en\/wp-json\/wp\/v2\/comments?post=174196"}],"version-history":[{"count":0,"href":"https:\/\/zjarr.tv\/en\/wp-json\/wp\/v2\/posts\/174196\/revisions"}],"wp:featuredmedia":[{"embeddable":true,"href":"https:\/\/zjarr.tv\/en\/wp-json\/wp\/v2\/media\/174198"}],"wp:attachment":[{"href":"https:\/\/zjarr.tv\/en\/wp-json\/wp\/v2\/media?parent=174196"}],"wp:term":[{"taxonomy":"category","embeddable":true,"href":"https:\/\/zjarr.tv\/en\/wp-json\/wp\/v2\/categories?post=174196"},{"taxonomy":"post_tag","embeddable":true,"href":"https:\/\/zjarr.tv\/en\/wp-json\/wp\/v2\/tags?post=174196"}],"curies":[{"name":"wp","href":"https:\/\/api.w.org\/{rel}","templated":true}]}}