{"id":174199,"date":"2021-04-03T10:04:55","date_gmt":"2021-04-03T08:04:55","guid":{"rendered":"https:\/\/zjarr.tv\/?p=174199"},"modified":"2021-04-03T10:05:58","modified_gmt":"2021-04-03T08:05:58","slug":"epidemiologu-artan-simaku-tregon-si-do-te-votojne-shqiptaret-ne-25-prill-ja-masat-qe-do-te-merren-nga-ishp-deri-ne-vere","status":"publish","type":"post","link":"https:\/\/zjarr.tv\/en\/epidemiologu-artan-simaku-tregon-si-do-te-votojne-shqiptaret-ne-25-prill-ja-masat-qe-do-te-merren-nga-ishp-deri-ne-vere\/","title":{"rendered":"Epidemiologu Artan Simaku tregon si do t\u00eb votojn\u00eb shqiptar\u00ebt n\u00eb 25 Prill\/ Ja masat q\u00eb do t\u00eb merren nga ISHP deri n\u00eb ver\u00eb\u2026"},"content":{"rendered":"<p>Zjedhjet e 25 Prillit, p\u00ebrkojne n\u00eb nj\u00eb situat\u00eb pandemie, ndaj dhe ISHP po harton nj\u00eb protokoll specifik, sa u p\u00ebrket masave q\u00eb do t\u00eb zbatohen dit\u00ebn e zgjedhjeve, ku p\u00ebrve\u00e7 distanc\u00ebs dhe dezinfektant\u00ebve, parashikohet t\u2019u matet temperatura zgjedh\u00ebsve.<\/p>\n<p>Epidemiologu Artan Simaku, shpjegon se n\u00eb zonat ku ka pasur grumbullime elektorale, pritet rritja e rasteve.<\/p>\n<p><em>\u201cP\u00ebr dit\u00ebn e zgjedhjeve jan\u00eb hartuar protokolle specifike p\u00ebr m\u00ebnyr\u00ebn e votimit, p\u00ebr respektimin e masave. P\u00ebr dit\u00ebn e zgjedhjeve jan\u00eb k\u00ebto masat q\u00eb dihen pra respektimi i masave, distanca, matja e temperatur\u00ebs, prania e dezifektant\u00ebve, pra asgj\u00eb e ve\u00e7ant\u00eb n\u00eb lidhje me ato q\u00eb dihen\u201d<\/em>-u shpreh epidmeiologu Artan Simaku.<\/p>\n<p>Ndon\u00ebse shifrat e infektime kane qen\u00eb n\u00eb ulje, \u00ebsht\u00eb v\u00ebr\u00eb re dhe ulje n\u00eb numrin e testimeve q\u00eb kryhen ne laborator\u00eb. Kjo sipas Simakut, vjen pasi \u00ebsht\u00eb ulur k\u00ebrkesa p\u00ebr testime.<\/p>\n<p><em>\u201cMasat duhet t\u00eb respektohen jo vet\u00ebm ne dit\u00ebn e zgjedhjeve por edhe n\u00eb k\u00ebt\u00eb periudh\u00ebn para zgjedhore. Padyshim q\u00eb do t\u00eb kemi rritje t\u00eb shifrave sidomos n\u00eb zonat ku kan\u00eb ndodhur k\u00ebto grumbullime, n\u00eb ato qytete ku kan\u00eb ndodhur k\u00ebto grumbullime n\u00eb m\u00ebnyr\u00eb t\u00eb sigurt\u00eb pritet rritje e rasteve\u201d-<\/em>tha epidemiologu Simaku.<\/p>\n<p>Tendeca n\u00eb ulje e infektimeve sipas ekspert\u00ebve, pritet t\u00eb vijoj\u00eb dhe n\u00eb muajt e ardhsh\u00ebm, nd\u00ebrsa deri n\u00eb ver\u00eb pritet q\u00eb vendi yn\u00eb t\u00eb ket\u00eb arritur nj\u00eb % t\u00eb madhe imunizimi, qoft\u00eb nga imunizimi natyral, ashtu dhe prej vaksin\u00ebs.<\/p>\n<p>&nbsp;<\/p>","protected":false},"excerpt":{"rendered":"<p>Zjedhjet e 25 Prillit, p\u00ebrkojne n\u00eb nj\u00eb situat\u00eb pandemie, ndaj dhe ISHP po harton nj\u00eb protokoll specifik, sa u p\u00ebrket masave q\u00eb do t\u00eb zbatohen dit\u00ebn e zgjedhjeve, ku p\u00ebrve\u00e7 distanc\u00ebs dhe dezinfektant\u00ebve, parashikohet t\u2019u matet temperatura zgjedh\u00ebsve. Epidemiologu Artan Simaku, shpjegon se n\u00eb zonat ku ka pasur grumbullime elektorale, pritet rritja e rasteve. \u201cP\u00ebr [&hellip;]<\/p>\n","protected":false},"author":2016,"featured_media":174201,"comment_status":"closed","ping_status":"closed","sticky":false,"template":"","format":"standard","meta":{"footnotes":""},"categories":[241],"tags":[2088],"class_list":{"0":"post-174199","1":"post","2":"type-post","3":"status-publish","4":"format-standard","5":"has-post-thumbnail","7":"category-aktualitet","8":"tag-lajme-zjarr-simaku-si-do-te-votojne-shqiptaret-ne-25-prill-zjarr-tv"},"_links":{"self":[{"href":"https:\/\/zjarr.tv\/en\/wp-json\/wp\/v2\/posts\/174199","targetHints":{"allow":["GET"]}}],"collection":[{"href":"https:\/\/zjarr.tv\/en\/wp-json\/wp\/v2\/posts"}],"about":[{"href":"https:\/\/zjarr.tv\/en\/wp-json\/wp\/v2\/types\/post"}],"author":[{"embeddable":true,"href":"https:\/\/zjarr.tv\/en\/wp-json\/wp\/v2\/users\/2016"}],"replies":[{"embeddable":true,"href":"https:\/\/zjarr.tv\/en\/wp-json\/wp\/v2\/comments?post=174199"}],"version-history":[{"count":0,"href":"https:\/\/zjarr.tv\/en\/wp-json\/wp\/v2\/posts\/174199\/revisions"}],"wp:featuredmedia":[{"embeddable":true,"href":"https:\/\/zjarr.tv\/en\/wp-json\/wp\/v2\/media\/174201"}],"wp:attachment":[{"href":"https:\/\/zjarr.tv\/en\/wp-json\/wp\/v2\/media?parent=174199"}],"wp:term":[{"taxonomy":"category","embeddable":true,"href":"https:\/\/zjarr.tv\/en\/wp-json\/wp\/v2\/categories?post=174199"},{"taxonomy":"post_tag","embeddable":true,"href":"https:\/\/zjarr.tv\/en\/wp-json\/wp\/v2\/tags?post=174199"}],"curies":[{"name":"wp","href":"https:\/\/api.w.org\/{rel}","templated":true}]}}