{"id":174202,"date":"2021-04-03T10:27:15","date_gmt":"2021-04-03T08:27:15","guid":{"rendered":"https:\/\/zjarr.tv\/?p=174202"},"modified":"2021-04-03T10:27:15","modified_gmt":"2021-04-03T08:27:15","slug":"mes-lotesh-gazetarja-vaksinohet-ne-edicionin-e-lajmeve","status":"publish","type":"post","link":"https:\/\/zjarr.tv\/en\/mes-lotesh-gazetarja-vaksinohet-ne-edicionin-e-lajmeve\/","title":{"rendered":"Mes lot\u00ebsh gazetarja vaksinohet n\u00eb edicionin e lajmeve\u2026"},"content":{"rendered":"<p style=\"line-height: 22.5pt; background: white; margin: 12.0pt 0in 6.0pt 0in;\"><span style=\"color: #404040;\">N\u00eb vendin ton\u00eb, ka nisur edhe vaksinimi i gazetar\u00ebve, t\u00eb cil\u00ebt jan\u00eb \u00e7do dit\u00eb t\u00eb ekspozuar ndaj infektimit, nd\u00ebrsa gazetarja Genta Popa, ka kryer vaksinimin live n\u00eb edicionin e lajmeve.<\/span><\/p>\n<p style=\"line-height: 22.5pt; background: white; box-sizing: border-box; -webkit-font-smoothing: antialiased; font-variant-ligatures: normal; font-variant-caps: normal; orphans: 2; text-align: start; widows: 2; -webkit-text-stroke-width: 0px; text-decoration-thickness: initial; text-decoration-style: initial; text-decoration-color: initial; word-spacing: 0px; margin: 12.0pt 0in 6.0pt 0in;\"><span style=\"color: #404040;\">\u00a0Studioja u p\u00ebrfshi n\u00eb emocione t\u00eb forta n\u00eb lot dhe g\u00ebzim n\u00eb t\u00eb nj\u00ebjt\u00ebn koh\u00eb, nd\u00ebrsa e ftuar ishte edhe Silva Bino, e cila nd\u00ebrsa gazetarja Popa kreu vaksin\u00ebn, tha se ajo \u00ebsht\u00eb e sigurt dhe mund t\u00eb ket\u00eb vet\u00ebm disa efekte an\u00ebsore t\u00eb lehta, q\u00eb kalojn\u00eb shum\u00eb shpejt.<\/span><\/p>\n<p style=\"line-height: 22.5pt; background: white; box-sizing: border-box; -webkit-font-smoothing: antialiased; font-variant-ligatures: normal; font-variant-caps: normal; orphans: 2; text-align: start; widows: 2; -webkit-text-stroke-width: 0px; text-decoration-thickness: initial; text-decoration-style: initial; text-decoration-color: initial; word-spacing: 0px; margin: 12.0pt 0in 6.0pt 0in;\"><strong style=\"box-sizing: border-box; -webkit-font-smoothing: antialiased;\"><span style=\"color: #404040;\">Genta Popa<\/span><\/strong><span style=\"color: #404040;\">:<em style=\"box-sizing: border-box; -webkit-font-smoothing: antialiased;\">\u00a0Zonja Bino, komiteti i ekspert\u00ebve kishte nj\u00eb reagim sot n\u00eb lidhje me k\u00ebt\u00eb \u00e7\u00ebshtje, a ka lidhje vaksina me rastet e raportuara t\u00eb humbjes s\u00eb jet\u00ebs?<\/em><\/span><\/p>\n<p style=\"line-height: 22.5pt; background: white; box-sizing: border-box; -webkit-font-smoothing: antialiased; font-variant-ligatures: normal; font-variant-caps: normal; orphans: 2; text-align: start; widows: 2; -webkit-text-stroke-width: 0px; text-decoration-thickness: initial; text-decoration-style: initial; text-decoration-color: initial; word-spacing: 0px; margin: 12.0pt 0in 6.0pt 0in;\"><strong style=\"box-sizing: border-box; -webkit-font-smoothing: antialiased;\"><span style=\"color: #404040;\">Silva Bino:<\/span><\/strong><span style=\"color: #404040;\">\u00a0<em style=\"box-sizing: border-box; -webkit-font-smoothing: antialiased;\">Absolutisht jo. Ka nj\u00eb deklarat\u00eb t\u00eb komitetit t\u00eb ekspert\u00ebve, t\u00eb cil\u00ebt vler\u00ebsojn\u00eb \u00e7do gj\u00eb edhe efektet e lehta dhe ato t\u00eb tjera pas vaksinimit. N\u00eb baz\u00eb t\u00eb deklaratave t\u00eb tyre t\u00eb gjitha ngjarjet q\u00eb kan\u00eb ndodhur nuk kan\u00eb lidhje me vaksin\u00ebn. K\u00ebto vaksina kryhen p\u00ebr tu mbrojtur nga dhe jo nga s\u00ebmundjet e tjera. Fatkeq\u00ebsisht vdekje ndodhin gjat\u00eb t\u00eb gjitha dit\u00ebve dhe mund t\u00eb ket\u00eb edhe rast\u00ebsira.<\/em><\/span><\/p>\n<p style=\"line-height: 22.5pt; background: white; box-sizing: border-box; -webkit-font-smoothing: antialiased; font-variant-ligatures: normal; font-variant-caps: normal; orphans: 2; text-align: start; widows: 2; -webkit-text-stroke-width: 0px; text-decoration-thickness: initial; text-decoration-style: initial; text-decoration-color: initial; word-spacing: 0px; margin: 12.0pt 0in 6.0pt 0in;\"><strong style=\"box-sizing: border-box; -webkit-font-smoothing: antialiased;\"><span style=\"color: #404040;\">Genta Popa<\/span><\/strong><span style=\"color: #404040;\">:<em style=\"box-sizing: border-box; -webkit-font-smoothing: antialiased;\">\u00a0Nd\u00ebrkoh\u00eb Zonja Bino, si po vijon procesi i vaksinimit t\u00eb moshuarve?<\/em><\/span><\/p>\n<p style=\"line-height: 22.5pt; background: white; box-sizing: border-box; -webkit-font-smoothing: antialiased; font-variant-ligatures: normal; font-variant-caps: normal; orphans: 2; text-align: start; widows: 2; -webkit-text-stroke-width: 0px; text-decoration-thickness: initial; text-decoration-style: initial; text-decoration-color: initial; word-spacing: 0px; margin: 12.0pt 0in 6.0pt 0in;\"><strong style=\"box-sizing: border-box; -webkit-font-smoothing: antialiased;\"><span style=\"color: #404040;\">Silva Bino<\/span><\/strong><span style=\"color: #404040;\">:<em style=\"box-sizing: border-box; -webkit-font-smoothing: antialiased;\">\u00a0Procesi po ec\u00ebn shum\u00eb mir\u00eb dhe ka nj\u00eb k\u00ebrkes\u00eb t\u00eb madhe dhe sistemi p\u00ebrballon shum\u00eb mir\u00eb k\u00ebrkes\u00ebn q\u00eb \u00ebsht\u00eb shum\u00eb e r\u00ebnd\u00ebsishme. Kemi filluar q\u00eb prej t\u00eb diel\u00ebs n\u00eb t\u00eb gjitha pikat sh\u00ebndet\u00ebsore. N\u00eb qendra m\u00eb t\u00eb m\u00ebdha q\u00eb grumbullohen m\u00eb shum\u00eb njer\u00ebz, si p.sh. \u00e7adrat te sheshi, n\u00eb shkolla, n\u00eb vendet e pun\u00ebs. <\/em><\/span><\/p>\n<p style=\"line-height: 22.5pt; background: white; box-sizing: border-box; -webkit-font-smoothing: antialiased; font-variant-ligatures: normal; font-variant-caps: normal; orphans: 2; text-align: start; widows: 2; -webkit-text-stroke-width: 0px; text-decoration-thickness: initial; text-decoration-style: initial; text-decoration-color: initial; word-spacing: 0px; margin: 12.0pt 0in 6.0pt 0in;\"><span style=\"color: #404040;\"><em style=\"box-sizing: border-box; -webkit-font-smoothing: antialiased;\">T\u00eb gjitha k\u00ebto e kan\u00eb ndihmuar sistemin sh\u00ebndet\u00ebsor t\u00eb p\u00ebrballoj\u00eb m\u00eb shum\u00eb vaksinime n\u00eb dit\u00eb. Kemi kryer rreth 19 mij\u00eb vaksinime n\u00eb dit\u00eb nga 10 mij\u00eb q\u00eb kishim planifikuar. \u00a0Sa m\u00eb shum\u00eb t\u00eb kemi aq m\u00eb shpejt mbarojm\u00eb. Ka nj\u00eb organizim shum\u00eb t\u00eb mir\u00eb. N\u00eb baz\u00eb t\u00eb prioriteteve po shkon gjith\u00eb plani i vaksinimit. <\/em><\/span><\/p>\n<p style=\"line-height: 22.5pt; background: white; box-sizing: border-box; -webkit-font-smoothing: antialiased; font-variant-ligatures: normal; font-variant-caps: normal; orphans: 2; text-align: start; widows: 2; -webkit-text-stroke-width: 0px; text-decoration-thickness: initial; text-decoration-style: initial; text-decoration-color: initial; word-spacing: 0px; margin: 12.0pt 0in 6.0pt 0in;\"><span style=\"color: #404040;\"><em style=\"box-sizing: border-box; -webkit-font-smoothing: antialiased;\">Jan\u00eb vaksinuar m\u00ebsuesit me grupmoshat mbi 90 vje\u00e7 dhe pastaj kan\u00eb vazhduar m\u00ebsuesit me ata mbi 80 vje\u00e7. Aktualisht do t\u00eb vaksinojm\u00eb ata 70 vje\u00e7 e lart\u00eb me polic\u00ebt dhe gazetar\u00ebt dhe k\u00ebshtu me radh\u00eb.<\/em><\/span><\/p>\n<p style=\"line-height: 22.5pt; background: white; box-sizing: border-box; -webkit-font-smoothing: antialiased; font-variant-ligatures: normal; font-variant-caps: normal; orphans: 2; text-align: start; widows: 2; -webkit-text-stroke-width: 0px; text-decoration-thickness: initial; text-decoration-style: initial; text-decoration-color: initial; word-spacing: 0px; margin: 12.0pt 0in 6.0pt 0in;\"><strong style=\"box-sizing: border-box; -webkit-font-smoothing: antialiased;\"><span style=\"color: #404040;\">Genta Popa<\/span><\/strong><span style=\"color: #404040;\">:\u00a0<em style=\"box-sizing: border-box; -webkit-font-smoothing: antialiased;\">Po n\u00eb fakt koleg\u00ebt gazetar\u00eb , 7 prej tyre kan\u00eb humbur jet\u00ebn, pik\u00ebrisht n\u00eb k\u00ebto momente , ekipi juaj ka ardhur k\u00ebtu n\u00eb studio q\u00eb un\u00eb t\u00eb b\u00ebj vaksin\u00ebn, me t\u00eb cil\u00ebn shpresoj se do t\u00eb p\u00ebrballoj dhe un\u00eb t\u00eb gjitha pasojat q\u00eb sjell kovid.<\/em><\/span><\/p>\n<p style=\"line-height: 22.5pt; background: white; box-sizing: border-box; -webkit-font-smoothing: antialiased; font-variant-ligatures: normal; font-variant-caps: normal; orphans: 2; text-align: start; widows: 2; -webkit-text-stroke-width: 0px; text-decoration-thickness: initial; text-decoration-style: initial; text-decoration-color: initial; word-spacing: 0px; margin: 12.0pt 0in 6.0pt 0in;\"><strong style=\"box-sizing: border-box; -webkit-font-smoothing: antialiased;\"><span style=\"color: #404040;\">Silva Bino:<\/span><\/strong><em style=\"box-sizing: border-box; -webkit-font-smoothing: antialiased;\"><span style=\"color: #404040;\">\u00a0Efektet an\u00ebsore jan\u00eb t\u00eb lehta, mund t\u00eb keni temperatur\u00eb, nj\u00eb lloj dob\u00ebsie, nj\u00eb lloj dhimbje t\u00eb muskujve e ky\u00e7eve q\u00eb e pata dhe un\u00eb kur e b\u00ebra.<\/span><\/em><\/p>\n<p style=\"line-height: 22.5pt; background: white; box-sizing: border-box; -webkit-font-smoothing: antialiased; font-variant-ligatures: normal; font-variant-caps: normal; orphans: 2; text-align: start; widows: 2; -webkit-text-stroke-width: 0px; text-decoration-thickness: initial; text-decoration-style: initial; text-decoration-color: initial; word-spacing: 0px; margin: 12.0pt 0in 6.0pt 0in;\"><strong style=\"box-sizing: border-box; -webkit-font-smoothing: antialiased;\"><span style=\"color: #404040;\">Genta Popa:\u00a0<\/span><\/strong><em style=\"box-sizing: border-box; -webkit-font-smoothing: antialiased;\"><span style=\"color: #404040;\">Un\u00eb jam gati p\u00ebr t\u00eb b\u00ebr\u00eb vaksin\u00ebn, nd\u00ebrkoh\u00eb q\u00eb i them teleshikuesve, q\u00eb n\u00eb k\u00ebt\u00eb moment, mendja m\u00eb shkon te familjari im i shtrenjti dhe i dashur, Kujtim Prodani q\u00eb humbi jet\u00ebn nga kovid. Me siguri, shum\u00eb nga ju q\u00eb na ndiqni keni humbur t\u00eb af\u00ebrm, ndaj t\u00eb gjith\u00eb ne q\u00eb u prek\u00ebm dhe ju q\u00eb keni d\u00ebgjuar k\u00ebto lajme, t\u2019i japim mund\u00ebsi vaksin\u00ebs, le t\u00eb besojm\u00eb te shkenca, te mjek\u00ebsia, por dhe te autoritetet. Jam gati!<\/span><\/em><\/p>\n<p style=\"line-height: 22.5pt; background: white; box-sizing: border-box; -webkit-font-smoothing: antialiased; font-variant-ligatures: normal; font-variant-caps: normal; orphans: 2; text-align: start; widows: 2; -webkit-text-stroke-width: 0px; text-decoration-thickness: initial; text-decoration-style: initial; text-decoration-color: initial; word-spacing: 0px; margin: 12.0pt 0in 6.0pt 0in;\"><strong style=\"box-sizing: border-box; -webkit-font-smoothing: antialiased;\"><span style=\"color: #404040;\">Silva Bino e p\u00ebrlotur, thot\u00eb se:<\/span><\/strong><span style=\"color: #404040;\">\u00a0\u201cEdhe un\u00eb u emocionova shum\u00eb Genta\u201d.<\/span><\/p>\n<p style=\"line-height: 22.5pt; background: white; box-sizing: border-box; -webkit-font-smoothing: antialiased; font-variant-ligatures: normal; font-variant-caps: normal; orphans: 2; text-align: start; widows: 2; -webkit-text-stroke-width: 0px; text-decoration-thickness: initial; text-decoration-style: initial; text-decoration-color: initial; word-spacing: 0px; margin: 12.0pt 0in 6.0pt 0in;\"><strong style=\"box-sizing: border-box; -webkit-font-smoothing: antialiased;\"><span style=\"color: #404040;\">Genta Popa<\/span><\/strong><span style=\"color: #404040;\">:\u00a0<em style=\"box-sizing: border-box; -webkit-font-smoothing: antialiased;\">\u00cbsht\u00eb njer\u00ebzore, ne p\u00ebrpiqemi t\u00eb jemi sa m\u00eb human\u00eb sepse kjo \u00ebsht\u00eb detyra jon\u00eb. Keni humbur dhe ju nga fusha e mjek\u00ebsis\u00eb, keni humbur koleg\u00ebt tuaj.<\/em><\/span><\/p>\n<p style=\"line-height: 22.5pt; background: white; box-sizing: border-box; -webkit-font-smoothing: antialiased; font-variant-ligatures: normal; font-variant-caps: normal; orphans: 2; text-align: start; widows: 2; -webkit-text-stroke-width: 0px; text-decoration-thickness: initial; text-decoration-style: initial; text-decoration-color: initial; word-spacing: 0px; margin: 12.0pt 0in 6.0pt 0in;\"><strong style=\"box-sizing: border-box; -webkit-font-smoothing: antialiased;\"><span style=\"color: #404040;\">Silva Bino<\/span><\/strong><span style=\"color: #404040;\">:\u00a0<em style=\"box-sizing: border-box; -webkit-font-smoothing: antialiased;\">Pat\u00ebm shum\u00eb miq q\u00eb humb\u00ebn jet\u00ebn dhe ky \u00ebsht\u00eb nj\u00eb \u00e7ast shum\u00eb i r\u00ebnd\u00ebsish\u00ebm, ju fal\u00ebnderoj! Kujtimi ishte dhe miku jon\u00eb. Ky \u00ebsht\u00eb nj\u00eb \u00e7asta shum\u00eb i r\u00ebnd\u00ebsish\u00ebm.<\/em><\/span><\/p>\n<p style=\"line-height: 22.5pt; background: white; box-sizing: border-box; -webkit-font-smoothing: antialiased; font-variant-ligatures: normal; font-variant-caps: normal; orphans: 2; text-align: start; widows: 2; -webkit-text-stroke-width: 0px; text-decoration-thickness: initial; text-decoration-style: initial; text-decoration-color: initial; word-spacing: 0px; margin: 12.0pt 0in 6.0pt 0in;\"><strong style=\"box-sizing: border-box; -webkit-font-smoothing: antialiased;\"><span style=\"color: #404040;\">Genta Popa<\/span><\/strong><span style=\"color: #404040;\">: S<em style=\"box-sizing: border-box; -webkit-font-smoothing: antialiased;\">hpresoj q\u00eb gjith\u00e7ka t\u00eb shkoj\u00eb sa m\u00eb mir\u00eb p\u00ebr t\u00eb gjith\u00eb. Ju falenderoj shum\u00eb p\u00ebr t\u00eb gjitha.<\/em><\/span><\/p>","protected":false},"excerpt":{"rendered":"<p>N\u00eb vendin ton\u00eb, ka nisur edhe vaksinimi i gazetar\u00ebve, t\u00eb cil\u00ebt jan\u00eb \u00e7do dit\u00eb t\u00eb ekspozuar ndaj infektimit, nd\u00ebrsa gazetarja Genta Popa, ka kryer vaksinimin live n\u00eb edicionin e lajmeve. \u00a0Studioja u p\u00ebrfshi n\u00eb emocione t\u00eb forta n\u00eb lot dhe g\u00ebzim n\u00eb t\u00eb nj\u00ebjt\u00ebn koh\u00eb, nd\u00ebrsa e ftuar ishte edhe Silva Bino, e cila nd\u00ebrsa [&hellip;]<\/p>\n","protected":false},"author":2016,"featured_media":174204,"comment_status":"closed","ping_status":"closed","sticky":false,"template":"","format":"standard","meta":{"footnotes":""},"categories":[241],"tags":[2089],"class_list":{"0":"post-174202","1":"post","2":"type-post","3":"status-publish","4":"format-standard","5":"has-post-thumbnail","7":"category-aktualitet","8":"tag-lajme-zjarr-gazetarja-vaksinohet-ne-edicionin-e-lajmeve-zjarr-tv"},"_links":{"self":[{"href":"https:\/\/zjarr.tv\/en\/wp-json\/wp\/v2\/posts\/174202","targetHints":{"allow":["GET"]}}],"collection":[{"href":"https:\/\/zjarr.tv\/en\/wp-json\/wp\/v2\/posts"}],"about":[{"href":"https:\/\/zjarr.tv\/en\/wp-json\/wp\/v2\/types\/post"}],"author":[{"embeddable":true,"href":"https:\/\/zjarr.tv\/en\/wp-json\/wp\/v2\/users\/2016"}],"replies":[{"embeddable":true,"href":"https:\/\/zjarr.tv\/en\/wp-json\/wp\/v2\/comments?post=174202"}],"version-history":[{"count":0,"href":"https:\/\/zjarr.tv\/en\/wp-json\/wp\/v2\/posts\/174202\/revisions"}],"wp:featuredmedia":[{"embeddable":true,"href":"https:\/\/zjarr.tv\/en\/wp-json\/wp\/v2\/media\/174204"}],"wp:attachment":[{"href":"https:\/\/zjarr.tv\/en\/wp-json\/wp\/v2\/media?parent=174202"}],"wp:term":[{"taxonomy":"category","embeddable":true,"href":"https:\/\/zjarr.tv\/en\/wp-json\/wp\/v2\/categories?post=174202"},{"taxonomy":"post_tag","embeddable":true,"href":"https:\/\/zjarr.tv\/en\/wp-json\/wp\/v2\/tags?post=174202"}],"curies":[{"name":"wp","href":"https:\/\/api.w.org\/{rel}","templated":true}]}}