{"id":174207,"date":"2021-04-03T10:40:56","date_gmt":"2021-04-03T08:40:56","guid":{"rendered":"https:\/\/zjarr.tv\/?p=174207"},"modified":"2021-04-03T10:42:01","modified_gmt":"2021-04-03T08:42:01","slug":"taulant-balla-synimi-i-ps-eshte-qe-ta-shnderroje-elbasanin-ne-qendren-e-shqiperise","status":"publish","type":"post","link":"https:\/\/zjarr.tv\/en\/taulant-balla-synimi-i-ps-eshte-qe-ta-shnderroje-elbasanin-ne-qendren-e-shqiperise\/","title":{"rendered":"Taulant Balla: Synimi i PS \u00ebsht\u00eb q\u00eb ta shnd\u00ebrroj\u00eb Elbasanin n\u00eb qendr\u00ebn e Shqip\u00ebris\u00eb\u2026"},"content":{"rendered":"<p style=\"line-height: 22.5pt; background: white; margin: 12.0pt 0in 6.0pt 0in;\"><span style=\"color: #404040;\">Drejtuesi politik i Partis\u00eb Socialiste p\u00ebr Qarkun e Elbasanit, Taulant Balla, ka zhvilluar nj\u00eb takim me banor\u00ebt e Rajonit 2, n\u00eb Elbasan.<\/span><span style=\"color: #404040;\">Gjat\u00eb fjal\u00ebs s\u00eb tij, Balla u shpreh s\u2019e kandidat\u00ebt e PS, jan\u00eb bio dhe jo mall importi.<\/span><\/p>\n<p style=\"line-height: 22.5pt; background: white; box-sizing: border-box; -webkit-font-smoothing: antialiased; font-variant-ligatures: normal; font-variant-caps: normal; orphans: 2; text-align: start; widows: 2; -webkit-text-stroke-width: 0px; text-decoration-thickness: initial; text-decoration-style: initial; text-decoration-color: initial; word-spacing: 0px; margin: 12.0pt 0in 6.0pt 0in;\"><span style=\"color: #404040;\">Balla theksoi se synimi i ekipit t\u00eb PS, \u00ebsht\u00eb q\u00eb ta shnd\u00ebrroj\u00eb Elbasanin n\u00eb qendr\u00ebn e Shqip\u00ebris\u00eb n\u00eb kat\u00ebr vitet e ardhshme.<\/span><\/p>\n<p style=\"line-height: 22.5pt; background: white; box-sizing: border-box; -webkit-font-smoothing: antialiased; font-variant-ligatures: normal; font-variant-caps: normal; orphans: 2; text-align: start; widows: 2; -webkit-text-stroke-width: 0px; text-decoration-thickness: initial; text-decoration-style: initial; text-decoration-color: initial; word-spacing: 0px; margin: 12.0pt 0in 6.0pt 0in;\"><em style=\"box-sizing: border-box; -webkit-font-smoothing: antialiased;\"><span style=\"color: #404040;\">\u201cAsnj\u00ebri prej 15 kandidat\u00ebve t\u00eb Partis\u00eb Socialiste nuk \u00ebsht\u00eb \u2018mall importi\u2019, por \u00ebsht\u00eb bio nga vendi. Prandaj dua t\u2019i b\u00ebj nj\u00eb apel koshienc\u00ebs qytetare t\u00eb Rajonit 2 dhe t\u00eb gjith\u00eb Elbasanit: \u00cbsht\u00eb koha t\u2019i l\u00ebm\u00eb m\u00ebnjan\u00eb bindjet tona t\u00eb vjetra. <\/span><\/em><\/p>\n<p style=\"line-height: 22.5pt; background: white; box-sizing: border-box; -webkit-font-smoothing: antialiased; font-variant-ligatures: normal; font-variant-caps: normal; orphans: 2; text-align: start; widows: 2; -webkit-text-stroke-width: 0px; text-decoration-thickness: initial; text-decoration-style: initial; text-decoration-color: initial; word-spacing: 0px; margin: 12.0pt 0in 6.0pt 0in;\"><em style=\"box-sizing: border-box; -webkit-font-smoothing: antialiased;\"><span style=\"color: #404040;\">Ka 30 vjet q\u00eb Rajoni 2 ka nj\u00eb vot\u00eb shum\u00eb t\u00eb r\u00ebnd\u00ebsishme p\u00ebr Partin\u00eb Demokratike, por ka ardhur dita q\u00eb t\u00eb mos e votosh m\u00eb Partin\u00eb Demokratike sepse nuk ka b\u00ebr\u00eb asnj\u00eb pun\u00eb n\u00eb Elbasan, e q\u00eb vota jote nuk ka m\u00eb vler\u00eb, duke ja dh\u00ebn\u00eb nj\u00eb partie q\u00eb pas k\u00ebtyre zgjedhjeve ka shansin historik p\u00ebr tu rind\u00ebrtuar nga fillimi. <\/span><\/em><\/p>\n<p style=\"line-height: 22.5pt; background: white; box-sizing: border-box; -webkit-font-smoothing: antialiased; font-variant-ligatures: normal; font-variant-caps: normal; orphans: 2; text-align: start; widows: 2; -webkit-text-stroke-width: 0px; text-decoration-thickness: initial; text-decoration-style: initial; text-decoration-color: initial; word-spacing: 0px; margin: 12.0pt 0in 6.0pt 0in;\"><em style=\"box-sizing: border-box; -webkit-font-smoothing: antialiased;\"><span style=\"color: #404040;\">Ne do ta nd\u00ebrtojm\u00eb Partin\u00eb Demokratike dhe do kontribuojm\u00eb gjithashtu, por k\u00ebsaj radhe na duhet vota p\u00ebr Edi Ramen. Nj\u00eb kryeminist\u00ebr q\u00eb ka b\u00ebr\u00eb p\u00ebr Elbasanin m\u00eb shum\u00eb se t gjith\u00eb jo n\u00eb 30, por n\u00eb 100 vjet. Q\u00ebllimi i ekipit tone \u00ebsht\u00eb q\u00eb ta shnd\u00ebrrojm\u00eb Elbasanin n\u00eb Vlor\u00ebn e 4 viteve t\u00eb shkuara, Elbasani t\u00eb jet\u00eb qendra e Shqip\u00ebris\u00eb n\u00eb 4 vitet e ardhshme. <\/span><\/em><\/p>\n<p style=\"line-height: 22.5pt; background: white; box-sizing: border-box; -webkit-font-smoothing: antialiased; font-variant-ligatures: normal; font-variant-caps: normal; orphans: 2; text-align: start; widows: 2; -webkit-text-stroke-width: 0px; text-decoration-thickness: initial; text-decoration-style: initial; text-decoration-color: initial; word-spacing: 0px; margin: 12.0pt 0in 6.0pt 0in;\"><em style=\"box-sizing: border-box; -webkit-font-smoothing: antialiased;\"><span style=\"color: #404040;\">\u00cbsht\u00eb e v\u00ebrtet\u00eb q\u00eb ne kemi b\u00ebr\u00eb shum\u00eb pun\u00eb, por as un\u00eb as Edi Rama nuk jemi ende t\u00eb k\u00ebnaqur me at\u00eb q\u00eb kemi arritur n\u00eb Elbasan. Nuk jemi ende aty ku duhet. Prandaj na duhet nj\u00eb mandat i ri<\/span><\/em><span style=\"color: #404040;\">\u201d, u shpreh Balla.<\/span><\/p>\n<p style=\"line-height: 22.5pt; background: white; box-sizing: border-box; -webkit-font-smoothing: antialiased; font-variant-ligatures: normal; font-variant-caps: normal; orphans: 2; text-align: start; widows: 2; -webkit-text-stroke-width: 0px; text-decoration-thickness: initial; text-decoration-style: initial; text-decoration-color: initial; word-spacing: 0px; margin: 12.0pt 0in 6.0pt 0in;\"><span style=\"color: #404040;\">Balla shtoi se q\u00ebllimi i PS, \u00ebsht\u00eb t\u00eb vaksinoj\u00eb sa m\u00eb shum\u00eb qytetar\u00eb, nd\u00ebrsa i PD t\u00eb p\u00ebrhap\u00eb sa m\u00eb shum\u00eb infeksionin.<\/span><\/p>\n<p style=\"line-height: 22.5pt; background: white; box-sizing: border-box; -webkit-font-smoothing: antialiased; font-variant-ligatures: normal; font-variant-caps: normal; orphans: 2; text-align: start; widows: 2; -webkit-text-stroke-width: 0px; text-decoration-thickness: initial; text-decoration-style: initial; text-decoration-color: initial; word-spacing: 0px; margin: 12.0pt 0in 6.0pt 0in;\"><em style=\"box-sizing: border-box; -webkit-font-smoothing: antialiased;\"><span style=\"color: #404040;\">\u201c Thirrja ime \u00ebsht\u00eb ju lutem ne duhet t\u00eb vazhdojm\u00eb t\u00eb mbajm\u00eb maskat, t\u00eb ruajm\u00eb distancat, sepse \u00ebsht\u00eb shum\u00eb e r\u00ebnd\u00ebsishme q\u00eb ne t\u00eb dalim nga kjo me ballin lart\u00eb, q\u00eb ne t\u00eb kemi mund\u00ebsi n\u00eb fund t\u00eb majit t\u00eb hapim kufijt\u00eb t\u00eb vijn\u00eb turist\u00ebt se pa turist\u00ebt, nuk ka ekonomi vendi yn\u00eb. <\/span><\/em><\/p>\n<p style=\"line-height: 22.5pt; background: white; box-sizing: border-box; -webkit-font-smoothing: antialiased; font-variant-ligatures: normal; font-variant-caps: normal; orphans: 2; text-align: start; widows: 2; -webkit-text-stroke-width: 0px; text-decoration-thickness: initial; text-decoration-style: initial; text-decoration-color: initial; word-spacing: 0px; margin: 12.0pt 0in 6.0pt 0in;\"><em style=\"box-sizing: border-box; -webkit-font-smoothing: antialiased;\"><span style=\"color: #404040;\">Un\u00eb bie t\u00ebr\u00ebsisht dakord me Edi Ram\u00ebn q\u00eb ajo q\u00eb do t\u00eb b\u00ebhet n\u00eb Elbasan do t\u00eb jet\u00eb shum\u00eb her\u00eb m\u00eb e bukur sesa ajo q\u00eb ka b\u00ebr\u00eb Kor\u00e7a dhe ajo q\u00eb ka b\u00ebr\u00eb Vlora. Ne na duhet nj\u00eb mandat i ri p\u00ebr t\u00eb b\u00ebr\u00eb n\u00eb Elbasan at\u00eb q\u00eb do ta transformoj\u00eb k\u00ebt\u00eb qytet n\u00eb nj\u00eb destinacion. <\/span><\/em><\/p>\n<p style=\"line-height: 22.5pt; background: white; box-sizing: border-box; -webkit-font-smoothing: antialiased; font-variant-ligatures: normal; font-variant-caps: normal; orphans: 2; text-align: start; widows: 2; -webkit-text-stroke-width: 0px; text-decoration-thickness: initial; text-decoration-style: initial; text-decoration-color: initial; word-spacing: 0px; margin: 12.0pt 0in 6.0pt 0in;\"><em style=\"box-sizing: border-box; -webkit-font-smoothing: antialiased;\"><span style=\"color: #404040;\">Sot Bashkia ka miratuar fondin dhe ka hedhur tenderin publik p\u00ebr studimin e nd\u00ebrtimit t\u00eb prit\u00ebs dhe t\u00eb projektit t\u00eb madh t\u00eb Auto-moto Parkut. Kjo na duhet t\u00eb sjell\u00eb njer\u00ebz n\u00eb Elbasan. Na duhet q\u00eb \u00e7do fundjav\u00eb n\u00eb Elbasan t\u00eb na vijn\u00eb minimalisht 5000-6000 vizitor\u00eb\u201d<\/span><\/em><span style=\"color: #404040;\">, u shpreh Balla.<\/span><\/p>\n<p style=\"line-height: 22.5pt; background: white; box-sizing: border-box; -webkit-font-smoothing: antialiased; font-variant-ligatures: normal; font-variant-caps: normal; orphans: 2; text-align: start; widows: 2; -webkit-text-stroke-width: 0px; text-decoration-thickness: initial; text-decoration-style: initial; text-decoration-color: initial; word-spacing: 0px; margin: 12.0pt 0in 6.0pt 0in;\"><span style=\"color: #404040;\">M\u00eb tej, ai theksoi se aleati i Partis\u00eb Socialiste jan\u00eb qytetar\u00ebt e thjesht\u00eb dhe t\u00eb zakonsh\u00ebm, teksa shtoi se Elbasani nuk mund t\u2019ja besoj\u00eb vot\u00ebn \u2018fosileve politike\u2019 si\u00e7 i quajti ai opozit\u00ebn dhe aleat\u00ebt e saj.<\/span><\/p>\n<p style=\"line-height: 22.5pt; background: white; box-sizing: border-box; -webkit-font-smoothing: antialiased; font-variant-ligatures: normal; font-variant-caps: normal; orphans: 2; text-align: start; widows: 2; -webkit-text-stroke-width: 0px; text-decoration-thickness: initial; text-decoration-style: initial; text-decoration-color: initial; word-spacing: 0px; margin: 12.0pt 0in 6.0pt 0in;\"><em style=\"box-sizing: border-box; -webkit-font-smoothing: antialiased;\"><span style=\"color: #404040;\">\u201cA mendon ndonj\u00ebri prej jush se Monika Kryemadhi apo Gazmend Bardhi mund t\u00eb p\u00ebrfaq\u00ebsoj\u00eb Elbasanin m\u00eb mir\u00eb sesa ne? A mendon ndonj\u00ebri prej jush se ata mund t\u00eb lobojn\u00eb p\u00ebr Elbasanin m\u00eb shum\u00eb sesa ne?<\/span><\/em><span style=\"color: #404040;\"><br style=\"box-sizing: border-box; -webkit-font-smoothing: antialiased;\" \/><em style=\"box-sizing: border-box; -webkit-font-smoothing: antialiased;\">Vitet q\u00eb do t\u00eb vijn\u00eb do t\u00eb jen\u00eb vite shum\u00eb m\u00eb t\u00eb mira p\u00ebr Shqip\u00ebrin\u00eb, shum\u00eb m\u00eb t\u00eb mira p\u00ebr Elbasanin. <\/em><\/span><\/p>\n<p style=\"line-height: 22.5pt; background: white; box-sizing: border-box; -webkit-font-smoothing: antialiased; font-variant-ligatures: normal; font-variant-caps: normal; orphans: 2; text-align: start; widows: 2; -webkit-text-stroke-width: 0px; text-decoration-thickness: initial; text-decoration-style: initial; text-decoration-color: initial; word-spacing: 0px; margin: 12.0pt 0in 6.0pt 0in;\"><span style=\"color: #404040;\"><em style=\"box-sizing: border-box; -webkit-font-smoothing: antialiased;\">Partia Socialiste e Shqip\u00ebris\u00eb \u00ebsht\u00eb partia e njer\u00ebzve t\u00eb thjesht\u00eb dhe t\u00eb zakonsh\u00ebm t\u00eb k\u00ebtij vendi dhe aleati yn\u00eb i vet\u00ebm jeni ju, njer\u00ebzit e thjesht\u00eb dhe t\u00eb zakonsh\u00ebm t\u00eb k\u00ebtij vendi. Aleat\u00ebt e Lulit jan\u00eb Nard Ndoka, Dash Shehi, Shp\u00ebtim Idrizi, Gon Duka\u2026O Zot! Si mund t\u2019ia besoj\u00eb Elbasani vot\u00ebn k\u00ebtyre fosileve q\u00eb kan\u00eb 30 vjet q\u00eb vet\u00ebm qarkullohen.<\/em><\/span><\/p>\n<p style=\"line-height: 22.5pt; background: white; box-sizing: border-box; -webkit-font-smoothing: antialiased; font-variant-ligatures: normal; font-variant-caps: normal; orphans: 2; text-align: start; widows: 2; -webkit-text-stroke-width: 0px; text-decoration-thickness: initial; text-decoration-style: initial; text-decoration-color: initial; word-spacing: 0px; margin: 12.0pt 0in 6.0pt 0in;\"><span style=\"color: #404040;\"><em style=\"box-sizing: border-box; -webkit-font-smoothing: antialiased;\"> Elbasani k\u00ebsaj radhe duhet ta ndaj\u00eb dhe prandaj ne kemi nj\u00eb superekip, kemi nj\u00eb sup\u00ebrprogram, por ajo q\u00eb e dallon Partin\u00eb Socialiste \u00ebsht\u00eb nj\u00eb superlidership nga Edi Rama dhe Elbasani di ta vler\u00ebsoj\u00eb shum\u00eb mir\u00eb, njeriun q\u00eb i duhet n\u00eb k\u00ebto koh\u00eb transformimi. <\/em><\/span><\/p>\n<p style=\"line-height: 22.5pt; background: white; box-sizing: border-box; -webkit-font-smoothing: antialiased; font-variant-ligatures: normal; font-variant-caps: normal; orphans: 2; text-align: start; widows: 2; -webkit-text-stroke-width: 0px; text-decoration-thickness: initial; text-decoration-style: initial; text-decoration-color: initial; word-spacing: 0px; margin: 12.0pt 0in 6.0pt 0in;\"><span style=\"color: #404040;\"><em style=\"box-sizing: border-box; -webkit-font-smoothing: antialiased;\">Prandaj un\u00eb dua q\u00eb n\u00eb 25 prill l\u00ebrini m\u00ebnjan\u00eb t\u00eb gjitha arsyet, t\u00eb gjitha k\u00ebnaq\u00ebsit\u00eb, k\u00ebto nuk jan\u00eb zgjedhjet e radh\u00ebs, k\u00ebto jan\u00eb zgjedhjet m\u00eb t\u00eb r\u00ebnd\u00ebsishme t\u00eb Shqip\u00ebris\u00eb n\u00eb 30 vite, sepse k\u00ebtu b\u00ebhet fjal\u00eb p\u00ebr t\u00eb \u00e7uar p\u00ebrpara reforma q\u00eb n\u00eb rast se nd\u00ebrpriten, jo vet\u00ebm q\u00eb pengohen, por ato anulohen. Ne jemi k\u00ebtu p\u00ebr t\u2019i \u00e7uar t\u00eb gjitha betejat n\u00eb fund\u201d<\/em>, p\u00ebrfundoi Balla.<\/span><\/p>","protected":false},"excerpt":{"rendered":"<p>Drejtuesi politik i Partis\u00eb Socialiste p\u00ebr Qarkun e Elbasanit, Taulant Balla, ka zhvilluar nj\u00eb takim me banor\u00ebt e Rajonit 2, n\u00eb Elbasan.Gjat\u00eb fjal\u00ebs s\u00eb tij, Balla u shpreh s\u2019e kandidat\u00ebt e PS, jan\u00eb bio dhe jo mall importi. Balla theksoi se synimi i ekipit t\u00eb PS, \u00ebsht\u00eb q\u00eb ta shnd\u00ebrroj\u00eb Elbasanin n\u00eb qendr\u00ebn e Shqip\u00ebris\u00eb [&hellip;]<\/p>\n","protected":false},"author":2016,"featured_media":174209,"comment_status":"closed","ping_status":"closed","sticky":false,"template":"","format":"standard","meta":{"footnotes":""},"categories":[241],"tags":[605],"class_list":{"0":"post-174207","1":"post","2":"type-post","3":"status-publish","4":"format-standard","5":"has-post-thumbnail","7":"category-aktualitet","8":"tag-lajme-zjarr-flet-taulant-balla-zjarr-tv"},"_links":{"self":[{"href":"https:\/\/zjarr.tv\/en\/wp-json\/wp\/v2\/posts\/174207","targetHints":{"allow":["GET"]}}],"collection":[{"href":"https:\/\/zjarr.tv\/en\/wp-json\/wp\/v2\/posts"}],"about":[{"href":"https:\/\/zjarr.tv\/en\/wp-json\/wp\/v2\/types\/post"}],"author":[{"embeddable":true,"href":"https:\/\/zjarr.tv\/en\/wp-json\/wp\/v2\/users\/2016"}],"replies":[{"embeddable":true,"href":"https:\/\/zjarr.tv\/en\/wp-json\/wp\/v2\/comments?post=174207"}],"version-history":[{"count":0,"href":"https:\/\/zjarr.tv\/en\/wp-json\/wp\/v2\/posts\/174207\/revisions"}],"wp:featuredmedia":[{"embeddable":true,"href":"https:\/\/zjarr.tv\/en\/wp-json\/wp\/v2\/media\/174209"}],"wp:attachment":[{"href":"https:\/\/zjarr.tv\/en\/wp-json\/wp\/v2\/media?parent=174207"}],"wp:term":[{"taxonomy":"category","embeddable":true,"href":"https:\/\/zjarr.tv\/en\/wp-json\/wp\/v2\/categories?post=174207"},{"taxonomy":"post_tag","embeddable":true,"href":"https:\/\/zjarr.tv\/en\/wp-json\/wp\/v2\/tags?post=174207"}],"curies":[{"name":"wp","href":"https:\/\/api.w.org\/{rel}","templated":true}]}}