{"id":174211,"date":"2021-04-03T10:52:03","date_gmt":"2021-04-03T08:52:03","guid":{"rendered":"https:\/\/zjarr.tv\/?p=174211"},"modified":"2021-04-03T10:52:21","modified_gmt":"2021-04-03T08:52:21","slug":"edi-rama-manastirliu-dhe-ardi-veliu-ndjekin-procesin-ne-air-albania-me-shendet-me-shendet-sinovacu-ka-dale-i-pari","status":"publish","type":"post","link":"https:\/\/zjarr.tv\/en\/edi-rama-manastirliu-dhe-ardi-veliu-ndjekin-procesin-ne-air-albania-me-shendet-me-shendet-sinovacu-ka-dale-i-pari\/","title":{"rendered":"Edi Rama, Manastirliu dhe Ardi Veliu ndjekin procesin n\u00eb Air Albania: Me sh\u00ebndet, me sh\u00ebndet\u2026 Sinovacu ka dal\u00eb i pari"},"content":{"rendered":"<p>Dita e 7-t\u00eb e vaksinimit masiv n\u00eb Shqip\u00ebri, ka nisur sot n\u00eb ambientet e Air Albania procesi i vaksnimit p\u00ebr punonj\u00ebsit e Policis\u00eb s\u00eb Shtetit.<\/p>\n<p>Kryeministri Edi Rama dhe Ministrja Ogerta Manastirliu, si dhe drejtori i Policis\u00eb s\u00eb Shtetit Ardi Veliu, kan\u00eb qen\u00eb t\u00eb pranish\u00ebm.<\/p>\n<p>Gjat\u00eb dit\u00ebs s\u00eb sotme, sipas zyrtar\u00ebve t\u00eb qeveris\u00eb do t\u00eb vaksinohen 600 punonj\u00ebs t\u00eb Policis\u00eb s\u00eb Shtetit, nd\u00ebrsa n\u00eb total jan\u00eb rreth 11 mij\u00eb efektiv\u00eb t\u00eb t\u00eb gjitha reparteve q\u00eb do t\u00eb p\u00ebrfitojn\u00eb.<\/p>\n<p>Kryeministri, duke iu referuar nj\u00eb artikulli t\u00eb \u201cNYT\u201d, tha se Sinovax (vaksina kineze) ishte i pari n\u00eb eficens\u00eb.<\/p>\n<p><em>\u201cMe sh\u00ebndet, me sh\u00ebndet, shef, o shef\u201d-<\/em>d\u00ebgjohet Kryeministri teksa p\u00ebrsh\u00ebndet efektiv\u00ebt q\u00eb mor\u00ebn sot doz\u00ebn e par\u00eb t\u00eb vaksin\u00ebs Sinovac.<\/p>\n<p><em>\u201cKam lexuar nj\u00eb artikull t\u00eb Ne\u00eb York Times dje q\u00eb thoshte vaksina kineze ka efektivitetin m\u00eb t\u00eb madh,\u201d<\/em>\u00a0i tha Rama Veliut, nd\u00ebrsa drejtori i Policis\u00eb i ktheu aprovimin me nj\u00eb p\u00ebrsh\u00ebndetje me kok\u00eb.<\/p>","protected":false},"excerpt":{"rendered":"<p>Dita e 7-t\u00eb e vaksinimit masiv n\u00eb Shqip\u00ebri, ka nisur sot n\u00eb ambientet e Air Albania procesi i vaksnimit p\u00ebr punonj\u00ebsit e Policis\u00eb s\u00eb Shtetit. Kryeministri Edi Rama dhe Ministrja Ogerta Manastirliu, si dhe drejtori i Policis\u00eb s\u00eb Shtetit Ardi Veliu, kan\u00eb qen\u00eb t\u00eb pranish\u00ebm. Gjat\u00eb dit\u00ebs s\u00eb sotme, sipas zyrtar\u00ebve t\u00eb qeveris\u00eb do t\u00eb [&hellip;]<\/p>\n","protected":false},"author":2016,"featured_media":174213,"comment_status":"closed","ping_status":"closed","sticky":false,"template":"","format":"standard","meta":{"footnotes":""},"categories":[241],"tags":[2090],"class_list":{"0":"post-174211","1":"post","2":"type-post","3":"status-publish","4":"format-standard","5":"has-post-thumbnail","7":"category-aktualitet","8":"tag-lajme-zjarr-rama-manastirliu-dhe-veliu-ndjekin-procesin-e-vaksinimit-zjarr-tv"},"_links":{"self":[{"href":"https:\/\/zjarr.tv\/en\/wp-json\/wp\/v2\/posts\/174211","targetHints":{"allow":["GET"]}}],"collection":[{"href":"https:\/\/zjarr.tv\/en\/wp-json\/wp\/v2\/posts"}],"about":[{"href":"https:\/\/zjarr.tv\/en\/wp-json\/wp\/v2\/types\/post"}],"author":[{"embeddable":true,"href":"https:\/\/zjarr.tv\/en\/wp-json\/wp\/v2\/users\/2016"}],"replies":[{"embeddable":true,"href":"https:\/\/zjarr.tv\/en\/wp-json\/wp\/v2\/comments?post=174211"}],"version-history":[{"count":0,"href":"https:\/\/zjarr.tv\/en\/wp-json\/wp\/v2\/posts\/174211\/revisions"}],"wp:featuredmedia":[{"embeddable":true,"href":"https:\/\/zjarr.tv\/en\/wp-json\/wp\/v2\/media\/174213"}],"wp:attachment":[{"href":"https:\/\/zjarr.tv\/en\/wp-json\/wp\/v2\/media?parent=174211"}],"wp:term":[{"taxonomy":"category","embeddable":true,"href":"https:\/\/zjarr.tv\/en\/wp-json\/wp\/v2\/categories?post=174211"},{"taxonomy":"post_tag","embeddable":true,"href":"https:\/\/zjarr.tv\/en\/wp-json\/wp\/v2\/tags?post=174211"}],"curies":[{"name":"wp","href":"https:\/\/api.w.org\/{rel}","templated":true}]}}