{"id":175879,"date":"2021-04-05T17:31:57","date_gmt":"2021-04-05T15:31:57","guid":{"rendered":"https:\/\/zjarr.tv\/?p=175879"},"modified":"2021-04-05T17:31:57","modified_gmt":"2021-04-05T15:31:57","slug":"kosova-nuk-pranon-vaksinat-e-rames-kurti-e-vitia-faleminderit-por-nuk-duam-vaksina-kineze-dhe-ruse","status":"publish","type":"post","link":"https:\/\/zjarr.tv\/en\/kosova-nuk-pranon-vaksinat-e-rames-kurti-e-vitia-faleminderit-por-nuk-duam-vaksina-kineze-dhe-ruse\/","title":{"rendered":"Kosova nuk pranon vaksinat e Ram\u00ebs, Kurti e Vitia: Faleminderit, por nuk duam vaksina kineze dhe ruse"},"content":{"rendered":"<p><em>Qeveria Kurti ka nd\u00ebrmarr\u00eb k\u00ebt\u00eb fillimjav\u00eb edhe masat e reja p\u00ebr pandemin\u00eb e Covidit n\u00eb vend. N\u00eb konferenc\u00ebn p\u00ebr shtyp, ministri i Sh\u00ebndet\u00ebsis\u00eb, Arben Vitia, tha se Kosova nuk pranon vaksinat kineze dhe ruse t\u00eb ofruara nga qeveria Rama.<\/em><\/p>\n<p>Qeveria e Kosov\u00ebs miratoi 46 pika me masa t\u00eb ndryshme n\u00eb lidhje me parandalimin e p\u00ebrhapjes s\u00eb pandemis\u00eb Covid-19 n\u00eb vend.<\/p>\n<p>Qeveria Kurti ka vendosur p\u00ebr ndalimqarkullim t\u00eb qytetar\u00ebve nga ora 22:00 deri n\u00eb 05:00, m\u00ebsimi do t\u00eb kaloj\u00eb online dhe restorantet do t\u00eb punojn\u00eb vet\u00ebm me porosi.<\/p>\n<p>Masat kund\u00ebr pandemis\u00eb i ka b\u00ebr\u00eb me dije ministri i Sh\u00ebndet\u00ebsis\u00eb, Arben Vitia.<\/p>\n<p>Gjat\u00eb konferenc\u00ebs p\u00ebr shtyp ai tha se Shqip\u00ebria mori p\u00ebrsip\u00ebr q\u00eb t\u00eb vaksinoj\u00eb m\u00ebsuesit e Kosov\u00ebs, mir\u00ebpo ky proces ka ngecur p\u00ebr shkak se Shqip\u00ebria ka mbetur pa dozat e vaksin\u00ebs Pfizer ose AstraZeneca dhe Kosova nuk pranon q\u00eb m\u00ebsuesit t\u00eb vaksinohen me vaksinat kineze ose ruse.<\/p>\n<p><em><strong>Kurti:<\/strong><\/em><em>\u00a0Kam qen\u00eb n\u00eb kontakt me kryeministrin e Shqip\u00ebris\u00eb lidhur me \u00e7\u00ebshtjen e vaksinimit n\u00eb Kuk\u00ebs ku kemi k\u00ebrkuar q\u00eb kjo tu mund\u00ebsohet edhe m\u00ebsimdh\u00ebn\u00ebsve, jo vet\u00ebm pun\u00ebtor\u00ebve sh\u00ebndet\u00ebsor\u00eb por p\u00ebr k\u00ebt\u00eb gj\u00eb m\u00eb pas kan\u00eb vazhduar komunikimin e tyre ministrat p\u00ebrkat\u00ebs, Vitia dhe Manastirliu.<\/em><\/p>\n<p><em>N\u00eb parim duhet ta kemi parasysh se Republika e Kosov\u00ebs duke qen\u00eb se nuk njihet nga jo pak shtete n\u00eb bot\u00eb n\u00eb mesin e t\u00eb cilave jan\u00eb edhe dy fuqit\u00eb e m\u00ebdha q\u00eb jan\u00eb dhe an\u00ebtare t\u00eb K\u00ebshillit t\u00eb Sigurimit, nuk e ka komoditetin e pranimit t\u00eb vaksinave gjithandej si\u00e7 po b\u00ebjn\u00eb disa shtete t\u00eb tjera.<\/em><\/p>\n<p><em> Orientimi yn\u00eb \u00ebsht\u00eb europian dhe euroatlantik me shtete t\u00eb cilat na kan\u00eb njohur prandaj dhe kemi rezerv\u00ebn ton\u00eb, skepticizimin ton\u00eb dhe q\u00ebndrimin ton\u00eb t\u00eb qart\u00eb karshi ofertave t\u00eb ndryshme q\u00eb do t\u00eb mund t\u00eb na vin\u00eb nga shtete mosnjoh\u00ebse jasht\u00eb Europ\u00ebs. Situata n\u00eb k\u00ebt\u00eb aspekt \u00ebsht\u00eb m\u00eb delikate p\u00ebr Republik\u00ebn e Kosov\u00ebs sesa t\u00eb gjitha vendet e tjera t\u00eb rajonit.<\/em><\/p>\n<p><em><strong>Vitia:<\/strong><\/em><em>\u00a0N\u00eb fillim hga kryeministri Rama dhe ministrja Manastirliu kemi pasur nj\u00eb ofert\u00eb gjeneroze q\u00eb t\u00eb vaksinohet stafi mjek\u00ebsor me vaksinat Pfizer ose AstraZeneca n\u00eb territorin e Shqip\u00ebris\u00eb ku ne do t\u00eb organizonim procesin e vaksinimit dhe t\u00eb transportit t\u00eb organizuar.<\/em><\/p>\n<p><em>Por vaksinat q\u00eb erdh\u00ebn me kontigjentin e par\u00eb, 24 mij\u00eb vaksina, p\u00ebr shkaqe logjistike, vaksinimi i personelit sh\u00ebndet\u00ebsor m\u00eb shpejt ndodhi n\u00eb Republik\u00ebn e Kosov\u00ebs dhe kam k\u00ebkruar nga Manastirliu dhe qeveria shqiptare q\u00eb kjo t\u00eb mund\u00ebsohet dhe p\u00ebr vaksinimin e\u00a0 katogorive t\u00eb tjera, m\u00ebsimdh\u00ebn\u00ebsit.<\/em><\/p>\n<p><em>Por fatkeq\u00ebsisht vaksinat Pfizer dhe AstraZeneca kan\u00eb mbaruar n\u00eb Shqip\u00ebri dhe ka mbetur vet\u00ebm Sinovac me prodhim nga Kina. P\u00ebr arsye q\u00eb ne n\u00eb Republik\u00ebn e Kosov\u00ebs edhe po t\u00eb donim na ndalojn\u00eb ligjet q\u00eb t\u00eb importojm\u00eb produkte q\u00eb nuk jan\u00eb rt\u00eb regjistruara nga EMA, n\u00eb k\u00ebt\u00eb situat\u00eb nuk e kemi par\u00eb t\u00eb arsyeshme q\u00eb m\u00ebsimdh\u00ebn\u00ebsit tan\u00eb t\u00eb vaksinohen me vaksina q\u00eb ne nuk mund t\u00eb garantojm\u00eb p\u00ebr to, duke mos qen\u00eb t\u00eb regjistruara n\u00eb Kosov\u00eb.<\/em><\/p>\n<p><em>Kjo \u00ebsht\u00eb arsyeja pse \u00ebsht\u00eb shtyr\u00eb procesi. Manastirliu m\u00eb ka th\u00ebn\u00eb q\u00eb n\u00eb momentin kur do t\u00eb kemi vaksina Pfizer dhe AstraZeneca do t\u00eb shohim mund\u00ebsin\u00eb q\u00eb ky vaksinim t\u00eb ndodh\u00eb n\u00eb nj\u00eb moment tjet\u00ebr.<\/em><\/p>\n<p>Nd\u00ebrsa kryeministri Kurti tha se vendimet e marra jan\u00eb me q\u00ebllim mbrojtjen e jet\u00ebve t\u00eb qytetar\u00ebve.<\/p>\n<p>Nj\u00eb nga pikat e masave t\u00eb s\u00eb h\u00ebn\u00ebs \u00ebsht\u00eb edhe testi negativ p\u00ebr t\u00eb hyr\u00eb n\u00eb Kosov\u00eb, ndryshe qytetar\u00ebt duhet t\u00eb vet\u00ebizolohen p\u00ebr 7 dit\u00eb.<\/p>\n<p>Nuk dihet n\u00ebse kjo mas\u00eb prek shqiptar\u00ebt e Shqip\u00ebris\u00eb q\u00eb udh\u00ebtojn\u00eb p\u00ebr n\u00eb Kosov\u00eb.<\/p>\n<p><strong>\u00a0<\/strong><\/p>","protected":false},"excerpt":{"rendered":"<p>Qeveria Kurti ka nd\u00ebrmarr\u00eb k\u00ebt\u00eb fillimjav\u00eb edhe masat e reja p\u00ebr pandemin\u00eb e Covidit n\u00eb vend. N\u00eb konferenc\u00ebn p\u00ebr shtyp, ministri i Sh\u00ebndet\u00ebsis\u00eb, Arben Vitia, tha se Kosova nuk pranon vaksinat kineze dhe ruse t\u00eb ofruara nga qeveria Rama. Qeveria e Kosov\u00ebs miratoi 46 pika me masa t\u00eb ndryshme n\u00eb lidhje me parandalimin e p\u00ebrhapjes [&hellip;]<\/p>\n","protected":false},"author":2030,"featured_media":175880,"comment_status":"closed","ping_status":"closed","sticky":false,"template":"","format":"standard","meta":{"footnotes":""},"categories":[241,2],"tags":[2130,451,329],"class_list":{"0":"post-175879","1":"post","2":"type-post","3":"status-publish","4":"format-standard","5":"has-post-thumbnail","7":"category-aktualitet","8":"category-rajoni","9":"tag-kosova-nuk-pranon-vaksinat-e-rames","10":"tag-lajme-zjarr","11":"tag-zjarr-tv"},"_links":{"self":[{"href":"https:\/\/zjarr.tv\/en\/wp-json\/wp\/v2\/posts\/175879","targetHints":{"allow":["GET"]}}],"collection":[{"href":"https:\/\/zjarr.tv\/en\/wp-json\/wp\/v2\/posts"}],"about":[{"href":"https:\/\/zjarr.tv\/en\/wp-json\/wp\/v2\/types\/post"}],"author":[{"embeddable":true,"href":"https:\/\/zjarr.tv\/en\/wp-json\/wp\/v2\/users\/2030"}],"replies":[{"embeddable":true,"href":"https:\/\/zjarr.tv\/en\/wp-json\/wp\/v2\/comments?post=175879"}],"version-history":[{"count":0,"href":"https:\/\/zjarr.tv\/en\/wp-json\/wp\/v2\/posts\/175879\/revisions"}],"wp:featuredmedia":[{"embeddable":true,"href":"https:\/\/zjarr.tv\/en\/wp-json\/wp\/v2\/media\/175880"}],"wp:attachment":[{"href":"https:\/\/zjarr.tv\/en\/wp-json\/wp\/v2\/media?parent=175879"}],"wp:term":[{"taxonomy":"category","embeddable":true,"href":"https:\/\/zjarr.tv\/en\/wp-json\/wp\/v2\/categories?post=175879"},{"taxonomy":"post_tag","embeddable":true,"href":"https:\/\/zjarr.tv\/en\/wp-json\/wp\/v2\/tags?post=175879"}],"curies":[{"name":"wp","href":"https:\/\/api.w.org\/{rel}","templated":true}]}}