{"id":176202,"date":"2021-04-07T18:00:17","date_gmt":"2021-04-07T16:00:17","guid":{"rendered":"https:\/\/zjarr.tv\/?p=176202"},"modified":"2021-04-07T18:00:17","modified_gmt":"2021-04-07T16:00:17","slug":"veliaj-reagon-per-situaten-ne-rinas-publikon-foton-e-berishes-bashes-dhe-metes","status":"publish","type":"post","link":"https:\/\/zjarr.tv\/en\/veliaj-reagon-per-situaten-ne-rinas-publikon-foton-e-berishes-bashes-dhe-metes\/","title":{"rendered":"Veliaj reagon p\u00ebr situat\u00ebn n\u00eb Rinas, publikon foton e Berish\u00ebs, Bash\u00ebs dhe Met\u00ebs"},"content":{"rendered":"<p>Kryetari i Bashkis\u00eb s\u00eb Tiran\u00ebs Erion Veliaj ka reaguar pas grev\u00ebs s\u00eb kontrollor\u00ebve n\u00eb Rinas, t\u00eb cil\u00ebt jan\u00eb futur n\u00eb grev\u00eb, me pretendimin se nuk jan\u00eb t\u00eb aft\u00eb t\u00eb punojn\u00eb, pas uljes s\u00eb rrog\u00ebs.<\/p>\n<p>Veliaj ka postuar n\u00eb Twitter nj\u00eb foto ku duket Berisha, Meta dhe Basha, nd\u00ebrsa shkruan se tradh\u00ebtia e tyre dje ishte falja e detit, nd\u00ebrsa sot \u00ebsht\u00eb sabotimi i vaksin\u00ebs.<\/p>\n<p>\u201cDje tradheti qe falja e detit. Sot tradheti eshte sabotimi i vaksines ne Rinas. Jane te njejtet njerez, me te njejtat menyra antike. Nuk thone kot, i mbyturi, te mbyt!<\/p>\n<p>Shqiperia eshte velur me keta \u2013 30 vite pengesa, bllokime. Le t\u2019i ndeshkojme me vote ne 25 Prill #BollMe\u201d, shkruan Veliaj.<\/p>\n<p>&nbsp;<\/p>","protected":false},"excerpt":{"rendered":"<p>Kryetari i Bashkis\u00eb s\u00eb Tiran\u00ebs Erion Veliaj ka reaguar pas grev\u00ebs s\u00eb kontrollor\u00ebve n\u00eb Rinas, t\u00eb cil\u00ebt jan\u00eb futur n\u00eb grev\u00eb, me pretendimin se nuk jan\u00eb t\u00eb aft\u00eb t\u00eb punojn\u00eb, pas uljes s\u00eb rrog\u00ebs. Veliaj ka postuar n\u00eb Twitter nj\u00eb foto ku duket Berisha, Meta dhe Basha, nd\u00ebrsa shkruan se tradh\u00ebtia e tyre dje ishte [&hellip;]<\/p>\n","protected":false},"author":2031,"featured_media":176203,"comment_status":"closed","ping_status":"closed","sticky":false,"template":"","format":"standard","meta":{"footnotes":""},"categories":[241,231,235],"tags":[312,369,329],"class_list":{"0":"post-176202","1":"post","2":"type-post","3":"status-publish","4":"format-standard","5":"has-post-thumbnail","7":"category-aktualitet","8":"category-lajme","9":"category-vendi","10":"tag-lajme","11":"tag-veliaj","12":"tag-zjarr-tv"},"_links":{"self":[{"href":"https:\/\/zjarr.tv\/en\/wp-json\/wp\/v2\/posts\/176202","targetHints":{"allow":["GET"]}}],"collection":[{"href":"https:\/\/zjarr.tv\/en\/wp-json\/wp\/v2\/posts"}],"about":[{"href":"https:\/\/zjarr.tv\/en\/wp-json\/wp\/v2\/types\/post"}],"author":[{"embeddable":true,"href":"https:\/\/zjarr.tv\/en\/wp-json\/wp\/v2\/users\/2031"}],"replies":[{"embeddable":true,"href":"https:\/\/zjarr.tv\/en\/wp-json\/wp\/v2\/comments?post=176202"}],"version-history":[{"count":0,"href":"https:\/\/zjarr.tv\/en\/wp-json\/wp\/v2\/posts\/176202\/revisions"}],"wp:featuredmedia":[{"embeddable":true,"href":"https:\/\/zjarr.tv\/en\/wp-json\/wp\/v2\/media\/176203"}],"wp:attachment":[{"href":"https:\/\/zjarr.tv\/en\/wp-json\/wp\/v2\/media?parent=176202"}],"wp:term":[{"taxonomy":"category","embeddable":true,"href":"https:\/\/zjarr.tv\/en\/wp-json\/wp\/v2\/categories?post=176202"},{"taxonomy":"post_tag","embeddable":true,"href":"https:\/\/zjarr.tv\/en\/wp-json\/wp\/v2\/tags?post=176202"}],"curies":[{"name":"wp","href":"https:\/\/api.w.org\/{rel}","templated":true}]}}