{"id":176207,"date":"2021-04-07T18:10:04","date_gmt":"2021-04-07T16:10:04","guid":{"rendered":"https:\/\/zjarr.tv\/?p=176207"},"modified":"2021-04-07T18:10:04","modified_gmt":"2021-04-07T16:10:04","slug":"duka-ora-per-te-cliruar-nga-pengemarresi-i-fundit-i-lirise-po-mberrin","status":"publish","type":"post","link":"https:\/\/zjarr.tv\/en\/duka-ora-per-te-cliruar-nga-pengemarresi-i-fundit-i-lirise-po-mberrin\/","title":{"rendered":"Duka: \u201cOra p\u00ebr t\u00eb \u00e7liruar nga peng\u00ebmarr\u00ebsi i fundit i liris\u00eb po mb\u00ebrrin&#8221;"},"content":{"rendered":"<p>Nis kanosja masive e m\u00ebsuesve dhe infermier\u00ebve nga Edi Rama<\/p>\n<p>N\u00ebse nuk votojn\u00eb PS ikin nga puna. Nj\u00eblloj si n\u00eb 2016 n\u00eb Dib\u00ebr\u00a0 apo m\u00eb pas n\u00eb 2017-t\u00ebn.<\/p>\n<p>&#8220;Tani m\u00ebsuesit dhe infermier\u00ebt kan\u00eb hyr\u00eb me merit\u00eb, por duhet ta mbrojn\u00eb, se me vot\u00ebn n\u00eb drejtim t\u00eb paditur ik\u00ebn n\u00eb drejtim t\u00eb paditur.&#8221;<\/p>\n<p>Deklarata k\u00ebrc\u00ebnuese e Ram\u00ebs\u00a0 nxit\u00ebn q\u00eb zv.ndihm\u00ebs sekretari amerikan i shtetit z. PALMER ku k\u00ebrkoi standartet m\u00eb t\u00eb larta zgjedhore. KM nxjen zem\u00ebrimin e revolt\u00ebn e mbar\u00eb shqitar\u00ebve dhe p\u00ebrpiqet me dhun\u00eb, t\u00eb shkaktoj\u00eb presione p\u00ebr vendin e pun\u00ebs, t\u00eb detyroj\u00eb qytetar\u00ebt t\u00eb mbajn\u00eb peng vendin.<\/p>\n<p>Ashtu si dje u thoshte polic\u00ebve hiqni kapelet e turruni p\u00ebr vot\u00eb p\u00ebr PS. Kjo \u00ebsht\u00eb nj\u00eb vep\u00ebr penale, p\u00ebr t\u00eb cil\u00ebn drejt\u00ebsia duhet t\u00eb reagoj\u00eb me emergjenc\u00eb.<\/p>\n<p>Nd\u00ebrsa shqiptar\u00ebt do ti p\u00ebrgjigjen m\u00eb 25 prill n\u00eb kutit\u00eb e votimit, dit\u00eb n\u00eb t\u00eb cil\u00ebn do \u00e7ojn\u00eb Ram\u00ebn n\u00eb drejtim t\u00eb paditur.<\/p>\n<p>Ora p\u00ebr tu \u00e7liruar nga pengmarr\u00ebsi i fundit i liris\u00eb po mb\u00ebrrin.<\/p>\n<p>M\u00eb 25 prill shqiptar\u00ebt braktisin keqb\u00ebr\u00ebsin Rama!<\/p>","protected":false},"excerpt":{"rendered":"<p>Nis kanosja masive e m\u00ebsuesve dhe infermier\u00ebve nga Edi Rama N\u00ebse nuk votojn\u00eb PS ikin nga puna. Nj\u00eblloj si n\u00eb 2016 n\u00eb Dib\u00ebr\u00a0 apo m\u00eb pas n\u00eb 2017-t\u00ebn. &#8220;Tani m\u00ebsuesit dhe infermier\u00ebt kan\u00eb hyr\u00eb me merit\u00eb, por duhet ta mbrojn\u00eb, se me vot\u00ebn n\u00eb drejtim t\u00eb paditur ik\u00ebn n\u00eb drejtim t\u00eb paditur.&#8221; Deklarata k\u00ebrc\u00ebnuese e [&hellip;]<\/p>\n","protected":false},"author":2031,"featured_media":176208,"comment_status":"closed","ping_status":"closed","sticky":false,"template":"","format":"standard","meta":{"footnotes":""},"categories":[231,235],"tags":[2192,312,329],"class_list":{"0":"post-176207","1":"post","2":"type-post","3":"status-publish","4":"format-standard","5":"has-post-thumbnail","7":"category-lajme","8":"category-vendi","9":"tag-duka","10":"tag-lajme","11":"tag-zjarr-tv"},"_links":{"self":[{"href":"https:\/\/zjarr.tv\/en\/wp-json\/wp\/v2\/posts\/176207","targetHints":{"allow":["GET"]}}],"collection":[{"href":"https:\/\/zjarr.tv\/en\/wp-json\/wp\/v2\/posts"}],"about":[{"href":"https:\/\/zjarr.tv\/en\/wp-json\/wp\/v2\/types\/post"}],"author":[{"embeddable":true,"href":"https:\/\/zjarr.tv\/en\/wp-json\/wp\/v2\/users\/2031"}],"replies":[{"embeddable":true,"href":"https:\/\/zjarr.tv\/en\/wp-json\/wp\/v2\/comments?post=176207"}],"version-history":[{"count":0,"href":"https:\/\/zjarr.tv\/en\/wp-json\/wp\/v2\/posts\/176207\/revisions"}],"wp:featuredmedia":[{"embeddable":true,"href":"https:\/\/zjarr.tv\/en\/wp-json\/wp\/v2\/media\/176208"}],"wp:attachment":[{"href":"https:\/\/zjarr.tv\/en\/wp-json\/wp\/v2\/media?parent=176207"}],"wp:term":[{"taxonomy":"category","embeddable":true,"href":"https:\/\/zjarr.tv\/en\/wp-json\/wp\/v2\/categories?post=176207"},{"taxonomy":"post_tag","embeddable":true,"href":"https:\/\/zjarr.tv\/en\/wp-json\/wp\/v2\/tags?post=176207"}],"curies":[{"name":"wp","href":"https:\/\/api.w.org\/{rel}","templated":true}]}}