{"id":176230,"date":"2021-04-07T18:58:26","date_gmt":"2021-04-07T16:58:26","guid":{"rendered":"https:\/\/zjarr.tv\/?p=176230"},"modified":"2021-04-07T18:58:26","modified_gmt":"2021-04-07T16:58:26","slug":"balluku-i-kthehet-avokatit-te-kontrolloreve-e-kemi-marre-nje-kredi-per-ato-rroga-tjeter-nuk-marrin","status":"publish","type":"post","link":"https:\/\/zjarr.tv\/en\/balluku-i-kthehet-avokatit-te-kontrolloreve-e-kemi-marre-nje-kredi-per-ato-rroga-tjeter-nuk-marrin\/","title":{"rendered":"Balluku i kthehet avokatit t\u00eb kontrollor\u00ebve: E kemi marr\u00eb nj\u00eb kredi p\u00ebr ato rroga, tjet\u00ebr nuk marrin"},"content":{"rendered":"<p>Ministrja Belinda Balluku i \u00ebsht\u00eb p\u00ebrgjigjur avokatit t\u00eb kontrollor\u00ebve i cili k\u00ebrkoi q\u00eb t\u00eb merrej kredi p\u00ebr pagat e punonj\u00ebsve t\u00eb AlbControl.<\/p>\n<p>N\u00eb nj\u00eb deklarat\u00eb p\u00ebr mediat, Balluku tha se tashm\u00eb \u00ebsht\u00eb marr\u00eb nj\u00eb kredi n\u00eb m\u00ebnyr\u00eb q\u00eb punonj\u00ebsve tu jepet paga q\u00eb marrin dhe se nuk do t\u00eb merret nj\u00eb tjet\u00ebr.<\/p>\n<p>\u201cJu e keni braktisur detyr\u00ebn, e keni kthyer Albcontrolin n\u00eb nj\u00eb dyqan. Nuk keni v\u00ebn\u00eb asnj\u00eb nga ato tabelat q\u00eb \u2018kthehem shpejt\u2019 apo \u00e7far\u00eb jan\u00eb keto. E keni kthyer n\u00eb nj\u00eb dyqan t\u00eb r\u00ebndomt\u00eb lagjeje. Se d\u00ebgjova avokatin tuaj q\u00eb thoshte se duhet marr\u00eb kredi p\u00ebr pagat tuaja, q\u00eb t\u00eb merrni s\u00ebrish 4 mij\u00eb dollar\u00eb n\u00eb muaj. Po ju them se \u00ebsht\u00eb marr\u00eb nj\u00eb kredi, \u00ebsht\u00eb marr\u00eb dhe me at\u00eb kredi paguhen rrogat tuaja, k\u00ebstet vijojn\u00eb t\u00eb paguhen,\u201d- tha Balluku nd\u00ebr t\u00eb tjera.<\/p>","protected":false},"excerpt":{"rendered":"<p>Ministrja Belinda Balluku i \u00ebsht\u00eb p\u00ebrgjigjur avokatit t\u00eb kontrollor\u00ebve i cili k\u00ebrkoi q\u00eb t\u00eb merrej kredi p\u00ebr pagat e punonj\u00ebsve t\u00eb AlbControl. N\u00eb nj\u00eb deklarat\u00eb p\u00ebr mediat, Balluku tha se tashm\u00eb \u00ebsht\u00eb marr\u00eb nj\u00eb kredi n\u00eb m\u00ebnyr\u00eb q\u00eb punonj\u00ebsve tu jepet paga q\u00eb marrin dhe se nuk do t\u00eb merret nj\u00eb tjet\u00ebr. \u201cJu e keni [&hellip;]<\/p>\n","protected":false},"author":2031,"featured_media":176231,"comment_status":"closed","ping_status":"closed","sticky":false,"template":"","format":"standard","meta":{"footnotes":""},"categories":[241,231,235],"tags":[2194,312,329],"class_list":{"0":"post-176230","1":"post","2":"type-post","3":"status-publish","4":"format-standard","5":"has-post-thumbnail","7":"category-aktualitet","8":"category-lajme","9":"category-vendi","10":"tag-balluku-i-kthehet-avokatit","11":"tag-lajme","12":"tag-zjarr-tv"},"_links":{"self":[{"href":"https:\/\/zjarr.tv\/en\/wp-json\/wp\/v2\/posts\/176230","targetHints":{"allow":["GET"]}}],"collection":[{"href":"https:\/\/zjarr.tv\/en\/wp-json\/wp\/v2\/posts"}],"about":[{"href":"https:\/\/zjarr.tv\/en\/wp-json\/wp\/v2\/types\/post"}],"author":[{"embeddable":true,"href":"https:\/\/zjarr.tv\/en\/wp-json\/wp\/v2\/users\/2031"}],"replies":[{"embeddable":true,"href":"https:\/\/zjarr.tv\/en\/wp-json\/wp\/v2\/comments?post=176230"}],"version-history":[{"count":0,"href":"https:\/\/zjarr.tv\/en\/wp-json\/wp\/v2\/posts\/176230\/revisions"}],"wp:featuredmedia":[{"embeddable":true,"href":"https:\/\/zjarr.tv\/en\/wp-json\/wp\/v2\/media\/176231"}],"wp:attachment":[{"href":"https:\/\/zjarr.tv\/en\/wp-json\/wp\/v2\/media?parent=176230"}],"wp:term":[{"taxonomy":"category","embeddable":true,"href":"https:\/\/zjarr.tv\/en\/wp-json\/wp\/v2\/categories?post=176230"},{"taxonomy":"post_tag","embeddable":true,"href":"https:\/\/zjarr.tv\/en\/wp-json\/wp\/v2\/tags?post=176230"}],"curies":[{"name":"wp","href":"https:\/\/api.w.org\/{rel}","templated":true}]}}