{"id":176240,"date":"2021-04-08T07:52:36","date_gmt":"2021-04-08T05:52:36","guid":{"rendered":"https:\/\/zjarr.tv\/?p=176240"},"modified":"2021-04-08T07:52:55","modified_gmt":"2021-04-08T05:52:55","slug":"kontrollori-andel-trebicka-perplaset-me-zv-ministrin-etien-xhafaj-po-na-arrestojne-turp-ti-vij-qe-genjen-kujtuat-se-ne-do-hanim-presion","status":"publish","type":"post","link":"https:\/\/zjarr.tv\/en\/kontrollori-andel-trebicka-perplaset-me-zv-ministrin-etien-xhafaj-po-na-arrestojne-turp-ti-vij-qe-genjen-kujtuat-se-ne-do-hanim-presion\/","title":{"rendered":"Kontrollori Andel Trebicka p\u00ebrplaset me zv.ministrin Etien Xhafaj: Po na arrestojn\u00eb, turp ti vij q\u00eb  g\u00ebnjen, kujtuat se ne do hanim presion\u2026"},"content":{"rendered":"<p>Andel Trebicka, \u00ebsht\u00eb nj\u00eb nd\u00ebr kontrollor\u00ebt e trafikut ajror, q\u00eb ka deklaruar paaft\u00ebsi t\u00eb p\u00ebrkohshme \u00ebsht\u00eb p\u00ebrplasur n\u00eb emisionin \u201cOpinion\u201d me Z\u00ebvend\u00ebsministri, e Infrastruktur\u00ebs dhe e energjis\u00eb Etien Xhafaj. Trebicka tha se Xhafaj po g\u00ebnjen, teksa tha se policia ka nisur arrestimin e kontrollor\u00ebve. Ai tha se n\u00eb muajin mars kontrollor\u00ebve iu \u00ebsht\u00eb th\u00ebn\u00eb se gjysma preh tyre, do t\u00eb pushoheshin nga puna.<\/p>\n<p><em>\u201cPo i arrestojn\u00eb koleg\u00ebt nj\u00eb e nga nj\u00eb, kjo \u00ebsht\u00eb n\u00eb vazhd\u00ebn e deklaratave t\u00eb ministres Balluku. Ne para dy dit\u00ebsh kishim ujdi dhe turp ti vij q\u00eb g\u00ebnjen aty. Dje keni pushuar 5 vet\u00eb, kujtuan se ne do hanim presion, pastaj e keni \u00e7uar b\u00eb 2 vet e pastaj n\u00eb 0. N\u00eb muajin mars na keni mbledh dhe na keni th\u00ebn\u00eb se gjysmat nga ju do pushoheni. K\u00ebto q\u00eb the ti nuk jan\u00eb t\u00eb v\u00ebrteta, un\u00eb t\u00eb sfidoj.\u201d-<\/em>tha Trebicka.<\/p>\n<p>Aeroporti i vet\u00ebm n\u00eb Shqip\u00ebri, prej m\u00ebngjesit t\u00eb sot\u00ebm \u00ebsht\u00eb n\u00eb kaos total, pasi nuk mund t\u00eb realizohet asnj\u00eb fluturim, si n\u00eb hyrje dhe dalje, p\u00ebrpos atyre q\u00eb kalojn\u00eb n\u00eb hap\u00ebsir\u00ebn ajrore t\u00eb vendit ton\u00eb. Shkak \u00ebsht\u00eb b\u00ebr\u00eb greva e kontrollor\u00ebve q\u00eb akuzojn\u00eb se u \u00ebsht\u00eb ulur paga p\u00ebr shkak t\u00eb pandemis\u00eb prej vitit t\u00eb kaluar.<\/p>\n<p>N\u00ebp\u00ebrmjet Sindikat\u00ebs, avokatit, por edhe vet\u00eb drejtp\u00ebrdrejt ata deklarojn\u00eb se nuk do t\u00eb t\u00ebrhiqen, deri n\u00eb momentin q\u00eb do t\u00eb shfuqizohet vendimi q\u00eb u ul pagat. Kryeministri Edi Rama, akuzoi opozit\u00ebn dhe Ilir Met\u00ebn se q\u00ebndron pas bllokimit t\u00eb Rinasit, nd\u00ebrsa kontrollor\u00ebve u vendosi ultimatum q\u00eb t\u00eb rikthehen n\u00eb pun\u00eb deri nes\u00ebr, n\u00eb t\u00eb kund\u00ebrt do t\u00eb largohen.<\/p>\n<p>Ministrja Balluku, e ka cil\u00ebsuar veprimin e kontrollor\u00ebve grusht shteti dhe ka d\u00ebrguar n\u00eb Rinas ushtrin\u00eb dhe policin\u00eb, p\u00ebr t\u00eb marr\u00eb n\u00eb dor\u00eb kull\u00ebn e kontrollit me argumentin se \u00ebsht\u00eb objekt me r\u00ebnd\u00ebsi t\u00eb ve\u00e7ant\u00eb.<\/p>\n<p>&nbsp;<\/p>","protected":false},"excerpt":{"rendered":"<p>Andel Trebicka, \u00ebsht\u00eb nj\u00eb nd\u00ebr kontrollor\u00ebt e trafikut ajror, q\u00eb ka deklaruar paaft\u00ebsi t\u00eb p\u00ebrkohshme \u00ebsht\u00eb p\u00ebrplasur n\u00eb emisionin \u201cOpinion\u201d me Z\u00ebvend\u00ebsministri, e Infrastruktur\u00ebs dhe e energjis\u00eb Etien Xhafaj. Trebicka tha se Xhafaj po g\u00ebnjen, teksa tha se policia ka nisur arrestimin e kontrollor\u00ebve. Ai tha se n\u00eb muajin mars kontrollor\u00ebve iu \u00ebsht\u00eb th\u00ebn\u00eb se [&hellip;]<\/p>\n","protected":false},"author":2016,"featured_media":176242,"comment_status":"closed","ping_status":"closed","sticky":false,"template":"","format":"standard","meta":{"footnotes":""},"categories":[241],"tags":[2195],"class_list":{"0":"post-176240","1":"post","2":"type-post","3":"status-publish","4":"format-standard","5":"has-post-thumbnail","7":"category-aktualitet","8":"tag-lajme-zjarr-trebicka-perplaset-me-zv-ministrin-xhafaj-zjarr-tv"},"_links":{"self":[{"href":"https:\/\/zjarr.tv\/en\/wp-json\/wp\/v2\/posts\/176240","targetHints":{"allow":["GET"]}}],"collection":[{"href":"https:\/\/zjarr.tv\/en\/wp-json\/wp\/v2\/posts"}],"about":[{"href":"https:\/\/zjarr.tv\/en\/wp-json\/wp\/v2\/types\/post"}],"author":[{"embeddable":true,"href":"https:\/\/zjarr.tv\/en\/wp-json\/wp\/v2\/users\/2016"}],"replies":[{"embeddable":true,"href":"https:\/\/zjarr.tv\/en\/wp-json\/wp\/v2\/comments?post=176240"}],"version-history":[{"count":0,"href":"https:\/\/zjarr.tv\/en\/wp-json\/wp\/v2\/posts\/176240\/revisions"}],"wp:featuredmedia":[{"embeddable":true,"href":"https:\/\/zjarr.tv\/en\/wp-json\/wp\/v2\/media\/176242"}],"wp:attachment":[{"href":"https:\/\/zjarr.tv\/en\/wp-json\/wp\/v2\/media?parent=176240"}],"wp:term":[{"taxonomy":"category","embeddable":true,"href":"https:\/\/zjarr.tv\/en\/wp-json\/wp\/v2\/categories?post=176240"},{"taxonomy":"post_tag","embeddable":true,"href":"https:\/\/zjarr.tv\/en\/wp-json\/wp\/v2\/tags?post=176240"}],"curies":[{"name":"wp","href":"https:\/\/api.w.org\/{rel}","templated":true}]}}