{"id":176244,"date":"2021-04-08T08:12:25","date_gmt":"2021-04-08T06:12:25","guid":{"rendered":"https:\/\/zjarr.tv\/?p=176244"},"modified":"2021-04-08T08:13:30","modified_gmt":"2021-04-08T06:13:30","slug":"kontrollorja-flora-ndreca-tregon-arsyen-pse-pezulluan-punen-ne-albcontrol-isha-stresuar-dhe","status":"publish","type":"post","link":"https:\/\/zjarr.tv\/en\/kontrollorja-flora-ndreca-tregon-arsyen-pse-pezulluan-punen-ne-albcontrol-isha-stresuar-dhe\/","title":{"rendered":"Kontrollorja Flora Ndreca tregon arsyen pse pezulluan pun\u00ebn n\u00eb AlbControl: Isha stresuar dhe\u2026"},"content":{"rendered":"<p>Ashtu si koleg\u00ebt e saj edhe Flora Ndreca, nj\u00eb nga kontrolloret ajrore ka vendosur t\u00eb pezulloj\u00eb pun\u00ebn. Ndreca ka folur p\u00ebr emisionin \u201cOpinion\u201d, arsye\u00a0 p\u00ebrse kontrollor\u00ebt vendos\u00ebn t\u00eb pezullonin pun\u00ebn e tyre. Gjithashtu, Ndreca tha se s\u00eb bashku me 5 kontrollor\u00eb t\u00eb tjer\u00eb, ka k\u00ebrkuar disa dit\u00eb relaksi, pasi sipas saj, nj\u00eb kontrollor nuk mund t\u00eb punoj\u00eb n\u00eb kushte stresi, por m\u00eb von\u00eb nga drejtuesi e saj,\u00a0i \u00ebsht\u00eb k\u00ebrkuar q\u00eb t\u00eb largohej nga puna.<\/p>\n<p>Kjo gj\u00eb ka b\u00ebr\u00eb q\u00eb edhe kontrollor\u00ebt e tjer\u00eb, t\u00eb plot\u00ebsojn\u00eb formularin e paaft\u00ebsis\u00eb s\u00eb p\u00ebrkohshme, duke shkaktuar k\u00ebshtu dhe pezullimin e fluturimeve n\u00eb aeroportin e Rinasit.<\/p>\n<p>\u201c<em>N\u00eb baz\u00eb t\u00eb kodit t\u00eb pun\u00ebs nuk mund t\u00eb b\u00ebjm\u00eb grev\u00eb, \u00ebsht\u00eb paaft\u00ebsi e p\u00ebrkohshme. Kur kontrollor\u00ebt e trafikut ajror, nuk mund t\u00eb siguroj q\u00eb ne jemi p\u00ebr t\u00eb ofruar nj\u00eb sh\u00ebrbim. N\u00ebse mua m\u00eb mungon koncentrimi para radarit mua m\u00eb gjobitin me 2 milion\u00eb t\u00eb vjetra. N\u00eb k\u00ebto momente ne stresi po na shtohet. Ne nuk jemi t\u00eb politizuar, jemi profesionist\u00eb.<\/em><\/p>\n<p><em>Dje un\u00eb bashk\u00eb me stafin tim, ishim 6 veta n\u00eb turn. 5 nga ne u ndien t\u00eb stresuar nuk u ndiem mir\u00eb dhe vendos\u00ebm ta mbanim trafikun dhe n\u00eb fund t\u00eb turnit t\u00eb plot\u00ebsonim nj\u00eb formular q\u00eb p\u00ebrmban skema e kompetenc\u00ebs q\u00eb ne jemi t\u00eb paaft\u00eb p\u00ebrkoh\u00ebsisht. Un\u00eb personalisht kam k\u00ebrkuar 3-4 dit\u00eb periudh\u00eb relaksi. N\u00eb momentin q\u00eb mbaruam turnin, dor\u00ebzojm\u00eb formularin tek eprori jon\u00eb. Nisemi p\u00ebr n\u00eb sht\u00ebpi, marrim nj\u00eb telefonat\u00eb nga drejtori operacional, kthehemi dhe gjendemi para faktit t\u00eb zgjidhjes s\u00eb kontrat\u00ebs s\u00eb pun\u00ebs. <\/em><\/p>\n<p><em>Nuk kishin nj\u00eb arsye, un\u00eb refuzova ta firmosja. N\u00ebse un\u00eb ulem n\u00eb vendin e pun\u00ebs dhe jam e stresuar p\u00ebr arsye personale, un\u00eb b\u00ebj shkelje ligjore n\u00ebse punoj n\u00eb kushte t\u00eb tilla. N\u00eb momentin q\u00eb 5 kontrollor\u00eb u hoq\u00ebn nga puna, kontrollor\u00ebt e tjer\u00eb b\u00ebn paaft\u00ebsi t\u00eb p\u00ebrkohshme p\u00ebr solidarizim. N\u00eb nuk paguhemi nga numri i trafikut, ne paguhemi p\u00ebr sh\u00ebrbimin<\/em>\u201d.-k\u00ebshtu u shpreh kontrollorja Flora Ndreca.<\/p>\n<p>&nbsp;<\/p>","protected":false},"excerpt":{"rendered":"<p>Ashtu si koleg\u00ebt e saj edhe Flora Ndreca, nj\u00eb nga kontrolloret ajrore ka vendosur t\u00eb pezulloj\u00eb pun\u00ebn. Ndreca ka folur p\u00ebr emisionin \u201cOpinion\u201d, arsye\u00a0 p\u00ebrse kontrollor\u00ebt vendos\u00ebn t\u00eb pezullonin pun\u00ebn e tyre. Gjithashtu, Ndreca tha se s\u00eb bashku me 5 kontrollor\u00eb t\u00eb tjer\u00eb, ka k\u00ebrkuar disa dit\u00eb relaksi, pasi sipas saj, nj\u00eb kontrollor nuk mund [&hellip;]<\/p>\n","protected":false},"author":2016,"featured_media":176246,"comment_status":"closed","ping_status":"closed","sticky":false,"template":"","format":"standard","meta":{"footnotes":""},"categories":[241],"tags":[2196],"class_list":{"0":"post-176244","1":"post","2":"type-post","3":"status-publish","4":"format-standard","5":"has-post-thumbnail","7":"category-aktualitet","8":"tag-lajme-zjarr-ndreca-tregon-arsyen-pse-pezulluan-punen-ne-albcontrol-zjarr-tv"},"_links":{"self":[{"href":"https:\/\/zjarr.tv\/en\/wp-json\/wp\/v2\/posts\/176244","targetHints":{"allow":["GET"]}}],"collection":[{"href":"https:\/\/zjarr.tv\/en\/wp-json\/wp\/v2\/posts"}],"about":[{"href":"https:\/\/zjarr.tv\/en\/wp-json\/wp\/v2\/types\/post"}],"author":[{"embeddable":true,"href":"https:\/\/zjarr.tv\/en\/wp-json\/wp\/v2\/users\/2016"}],"replies":[{"embeddable":true,"href":"https:\/\/zjarr.tv\/en\/wp-json\/wp\/v2\/comments?post=176244"}],"version-history":[{"count":0,"href":"https:\/\/zjarr.tv\/en\/wp-json\/wp\/v2\/posts\/176244\/revisions"}],"wp:featuredmedia":[{"embeddable":true,"href":"https:\/\/zjarr.tv\/en\/wp-json\/wp\/v2\/media\/176246"}],"wp:attachment":[{"href":"https:\/\/zjarr.tv\/en\/wp-json\/wp\/v2\/media?parent=176244"}],"wp:term":[{"taxonomy":"category","embeddable":true,"href":"https:\/\/zjarr.tv\/en\/wp-json\/wp\/v2\/categories?post=176244"},{"taxonomy":"post_tag","embeddable":true,"href":"https:\/\/zjarr.tv\/en\/wp-json\/wp\/v2\/tags?post=176244"}],"curies":[{"name":"wp","href":"https:\/\/api.w.org\/{rel}","templated":true}]}}