{"id":176248,"date":"2021-04-08T08:23:08","date_gmt":"2021-04-08T06:23:08","guid":{"rendered":"https:\/\/zjarr.tv\/?p=176248"},"modified":"2021-04-08T08:25:40","modified_gmt":"2021-04-08T06:25:40","slug":"shkon-ne-25-numri-i-kontrolloreve-qe-jane-shoqeruar-ne-policine-e-tiranes","status":"publish","type":"post","link":"https:\/\/zjarr.tv\/en\/shkon-ne-25-numri-i-kontrolloreve-qe-jane-shoqeruar-ne-policine-e-tiranes\/","title":{"rendered":"Shkon n\u00eb 25 numri i kontrollor\u00ebve, q\u00eb jan\u00eb shoq\u00ebruar n\u00eb policin\u00eb e Tiran\u00ebs\u2026"},"content":{"rendered":"<p>Dit\u00ebn e sotme, ka shkuar n\u00eb 25 numri i kontrollor\u00ebve, q\u00eb jan\u00eb shoq\u00ebruar n\u00eb policin\u00eb e Tiran\u00ebs. Numri mund t\u00eb rritet n\u00eb or\u00ebt n\u00eb vijim, pasi n\u00eb polici pritet q\u00eb t\u00eb p\u00ebrfundojn\u00eb t\u00eb gjith\u00eb punonj\u00ebsit q\u00eb b\u00ebn\u00eb rezistenc\u00eb.<\/p>\n<p>P\u00ebr k\u00ebt\u00eb, Prokuroria ka nisur hetimet me akuz\u00ebn e shp\u00ebrdorimit t\u00eb detyr\u00ebs p\u00ebr kontrollor\u00ebt, q\u00eb me grev\u00ebn e tyre kan\u00eb pezulluar fluturimet duke bllokuar pun\u00ebn n\u00eb aeroportin e Rinasit, i vetmi q\u00eb ka Shqip\u00ebria.<\/p>\n<p>Shoq\u00ebrimet jan\u00eb b\u00ebr\u00eb me urdh\u00ebr t\u00eb prokuroris\u00eb, p\u00ebr shkak t\u00eb kall\u00ebzimit q\u00eb\u00a0kompania Albcontroll\u00a0ka b\u00ebr\u00eb, p\u00ebr kontrollor\u00ebt q\u00eb braktis\u00ebn pun\u00ebn, duke u futur n\u00eb grev\u00eb.<\/p>","protected":false},"excerpt":{"rendered":"<p>Dit\u00ebn e sotme, ka shkuar n\u00eb 25 numri i kontrollor\u00ebve, q\u00eb jan\u00eb shoq\u00ebruar n\u00eb policin\u00eb e Tiran\u00ebs. Numri mund t\u00eb rritet n\u00eb or\u00ebt n\u00eb vijim, pasi n\u00eb polici pritet q\u00eb t\u00eb p\u00ebrfundojn\u00eb t\u00eb gjith\u00eb punonj\u00ebsit q\u00eb b\u00ebn\u00eb rezistenc\u00eb. P\u00ebr k\u00ebt\u00eb, Prokuroria ka nisur hetimet me akuz\u00ebn e shp\u00ebrdorimit t\u00eb detyr\u00ebs p\u00ebr kontrollor\u00ebt, q\u00eb me grev\u00ebn [&hellip;]<\/p>\n","protected":false},"author":2016,"featured_media":176250,"comment_status":"closed","ping_status":"closed","sticky":false,"template":"","format":"standard","meta":{"footnotes":""},"categories":[241],"tags":[2197],"class_list":{"0":"post-176248","1":"post","2":"type-post","3":"status-publish","4":"format-standard","5":"has-post-thumbnail","7":"category-aktualitet","8":"tag-lajme-zjarr-shkon-ne-25-numri-i-kontrolloreve-te-arrestuar-zjarr-tv"},"_links":{"self":[{"href":"https:\/\/zjarr.tv\/en\/wp-json\/wp\/v2\/posts\/176248","targetHints":{"allow":["GET"]}}],"collection":[{"href":"https:\/\/zjarr.tv\/en\/wp-json\/wp\/v2\/posts"}],"about":[{"href":"https:\/\/zjarr.tv\/en\/wp-json\/wp\/v2\/types\/post"}],"author":[{"embeddable":true,"href":"https:\/\/zjarr.tv\/en\/wp-json\/wp\/v2\/users\/2016"}],"replies":[{"embeddable":true,"href":"https:\/\/zjarr.tv\/en\/wp-json\/wp\/v2\/comments?post=176248"}],"version-history":[{"count":0,"href":"https:\/\/zjarr.tv\/en\/wp-json\/wp\/v2\/posts\/176248\/revisions"}],"wp:featuredmedia":[{"embeddable":true,"href":"https:\/\/zjarr.tv\/en\/wp-json\/wp\/v2\/media\/176250"}],"wp:attachment":[{"href":"https:\/\/zjarr.tv\/en\/wp-json\/wp\/v2\/media?parent=176248"}],"wp:term":[{"taxonomy":"category","embeddable":true,"href":"https:\/\/zjarr.tv\/en\/wp-json\/wp\/v2\/categories?post=176248"},{"taxonomy":"post_tag","embeddable":true,"href":"https:\/\/zjarr.tv\/en\/wp-json\/wp\/v2\/tags?post=176248"}],"curies":[{"name":"wp","href":"https:\/\/api.w.org\/{rel}","templated":true}]}}